{"id":38892,"date":"2026-01-19T14:17:00","date_gmt":"2026-01-19T19:17:00","guid":{"rendered":"https:\/\/www.csgabriel.edu.ec\/?p=38892"},"modified":"2026-03-09T10:31:45","modified_gmt":"2026-03-09T15:31:45","slug":"magis-pass-y-reconocimientos-en-acto-civico","status":"publish","type":"post","link":"https:\/\/www.csgabriel.edu.ec\/en\/magis-pass-y-reconocimientos-en-acto-civico\/","title":{"rendered":"Magis Pass y reconocimientos en Acto C\u00edvico"},"content":{"rendered":"<div data-elementor-type=\"wp-post\" data-elementor-id=\"38892\" class=\"elementor elementor-38892\" data-elementor-settings=\"{&quot;ha_cmc_init_switcher&quot;:&quot;no&quot;}\" data-elementor-post-type=\"post\">\n\t\t\t\t<div class=\"elementor-element elementor-element-9467ef8 e-flex e-con-boxed e-con e-parent\" data-id=\"9467ef8\" data-element_type=\"container\" data-e-type=\"container\" data-settings=\"{&quot;background_background&quot;:&quot;classic&quot;,&quot;_ha_eqh_enable&quot;:false}\">\n\t\t\t\t\t<div class=\"e-con-inner\">\n\t\t\t\t<div class=\"elementor-element elementor-element-62aa283 elementor-widget elementor-widget-spacer\" data-id=\"62aa283\" data-element_type=\"widget\" data-e-type=\"widget\" data-widget_type=\"spacer.default\">\n\t\t\t\t<div class=\"elementor-widget-container\">\n\t\t\t\t\t\t\t<div class=\"elementor-spacer\">\n\t\t\t<div class=\"elementor-spacer-inner\"><\/div>\n\t\t<\/div>\n\t\t\t\t\t\t<\/div>\n\t\t\t\t<\/div>\n\t\t\t\t\t<\/div>\n\t\t\t\t<\/div>\n\t\t<div class=\"elementor-element elementor-element-a0466da e-con-full e-flex e-con e-parent\" data-id=\"a0466da\" data-element_type=\"container\" data-e-type=\"container\" data-settings=\"{&quot;_ha_eqh_enable&quot;:false}\">\n\t\t\t\t<div class=\"elementor-element elementor-element-564e1dc elementor-widget__width-inherit elementor-widget elementor-widget-hfe-breadcrumbs-widget\" data-id=\"564e1dc\" data-element_type=\"widget\" data-e-type=\"widget\" data-widget_type=\"hfe-breadcrumbs-widget.default\">\n\t\t\t\t<div class=\"elementor-widget-container\">\n\t\t\t\t\t<nav aria-label=\"Breadcrumb\"><ul class=\"hfe-breadcrumbs hfe-breadcrumbs-show-home\"><li class=\"hfe-breadcrumbs-item hfe-breadcrumbs-first\"><span class=\"hfe-breadcrumbs-home-icon\"><\/span><a href=\"https:\/\/www.csgabriel.edu.ec\/en\"><span class=\"hfe-breadcrumbs-text\">Home<\/span><\/a><\/li><\/ul><\/nav>\t\t\t\t<\/div>\n\t\t\t\t<\/div>\n\t\t\t\t<\/div>\n\t\t<div class=\"elementor-element elementor-element-2630576 e-con-full e-flex e-con e-parent\" data-id=\"2630576\" data-element_type=\"container\" data-e-type=\"container\" data-settings=\"{&quot;_ha_eqh_enable&quot;:false}\">\n\t\t<div class=\"elementor-element elementor-element-786f09b e-flex e-con-boxed e-con e-child\" data-id=\"786f09b\" data-element_type=\"container\" data-e-type=\"container\" data-settings=\"{&quot;_ha_eqh_enable&quot;:false}\">\n\t\t\t\t\t<div class=\"e-con-inner\">\n\t\t\t\t<div class=\"elementor-element elementor-element-49f8ea8 elementor-widget elementor-widget-heading\" data-id=\"49f8ea8\" data-element_type=\"widget\" data-e-type=\"widget\" data-widget_type=\"heading.default\">\n\t\t\t\t<div class=\"elementor-widget-container\">\n\t\t\t\t\t<h2 class=\"elementor-heading-title elementor-size-default\">Magis Pass y reconocimientos en Acto C\u00edvico<\/h2>\t\t\t\t<\/div>\n\t\t\t\t<\/div>\n\t\t\t\t<div class=\"elementor-element elementor-element-b065439 elementor-widget-divider--view-line elementor-widget elementor-widget-divider\" data-id=\"b065439\" data-element_type=\"widget\" data-e-type=\"widget\" data-widget_type=\"divider.default\">\n\t\t\t\t<div class=\"elementor-widget-container\">\n\t\t\t\t\t\t\t<div class=\"elementor-divider\">\n\t\t\t<span class=\"elementor-divider-separator\">\n\t\t\t\t\t\t<\/span>\n\t\t<\/div>\n\t\t\t\t\t\t<\/div>\n\t\t\t\t<\/div>\n\t\t\t\t<div class=\"elementor-element elementor-element-b068b62 elementor-widget elementor-widget-text-editor\" data-id=\"b068b62\" data-element_type=\"widget\" data-e-type=\"widget\" data-widget_type=\"text-editor.default\">\n\t\t\t\t<div class=\"elementor-widget-container\">\n\t\t\t\t\t\t\t\t\t<p><span style=\"font-weight: 400;\">La semana del 19 de enero de 2026 inici\u00f3 con los actos c\u00edvicos de B\u00e1sica Elemental y Media en el patio de banderas, mientras que los niveles de B\u00e1sica Superior y Bachillerato realizaron su ceremonia en el polideportivo.<\/span><\/p><p><span style=\"font-weight: 400;\">Durante la jornada se conmemor\u00f3 el D\u00eda Mundial de la Acci\u00f3n frente al Calentamiento Global. Para ello, se presentaron sociodramas orientados a promover la reflexi\u00f3n y el compromiso de cuidar la naturaleza a trav\u00e9s de acciones cotidianas.<\/span><\/p><p><span style=\"font-weight: 400;\">Adem\u00e1s, los representantes del Consejo Estudiantil socializaron la tarjeta Magis Pass, una propuesta de su plan de campa\u00f1a. Esta tarjeta ofrecer\u00e1 beneficios como descuentos en alimentos y actividades de entretenimiento. En los pr\u00f3ximos d\u00edas, la comunidad educativa recibir\u00e1 m\u00e1s informaci\u00f3n a trav\u00e9s del correo institucional y de las carteleras del plantel.<\/span><\/p><p><span style=\"font-weight: 400;\">Finalmente, en el polideportivo se entregaron diplomas de reconocimiento a los integrantes del Club ONU por su destacada participaci\u00f3n en el Modelo del Colegio Spellman, desarrollado \u00edntegramente en ingl\u00e9s. Tambi\u00e9n se reconoci\u00f3 al estudiante Sebasti\u00e1n M., quien alcanz\u00f3 la semifinal en el concurso intercolegial Dibujando Sue\u00f1os.<\/span><\/p>\t\t\t\t\t\t\t\t<\/div>\n\t\t\t\t<\/div>\n\t\t\t\t<div class=\"elementor-element elementor-element-a7fb297 elementor-widget elementor-widget-gallery\" data-id=\"a7fb297\" data-element_type=\"widget\" data-e-type=\"widget\" data-settings=\"{&quot;columns&quot;:3,&quot;gap&quot;:{&quot;unit&quot;:&quot;px&quot;,&quot;size&quot;:8,&quot;sizes&quot;:[]},&quot;aspect_ratio&quot;:&quot;16:9&quot;,&quot;lazyload&quot;:&quot;yes&quot;,&quot;gallery_layout&quot;:&quot;grid&quot;,&quot;columns_tablet&quot;:2,&quot;columns_mobile&quot;:1,&quot;gap_widescreen&quot;:{&quot;unit&quot;:&quot;px&quot;,&quot;size&quot;:&quot;&quot;,&quot;sizes&quot;:[]},&quot;gap_laptop&quot;:{&quot;unit&quot;:&quot;px&quot;,&quot;size&quot;:10,&quot;sizes&quot;:[]},&quot;gap_tablet_extra&quot;:{&quot;unit&quot;:&quot;px&quot;,&quot;size&quot;:10,&quot;sizes&quot;:[]},&quot;gap_tablet&quot;:{&quot;unit&quot;:&quot;px&quot;,&quot;size&quot;:10,&quot;sizes&quot;:[]},&quot;gap_mobile_extra&quot;:{&quot;unit&quot;:&quot;px&quot;,&quot;size&quot;:10,&quot;sizes&quot;:[]},&quot;gap_mobile&quot;:{&quot;unit&quot;:&quot;px&quot;,&quot;size&quot;:10,&quot;sizes&quot;:[]},&quot;link_to&quot;:&quot;file&quot;,&quot;overlay_background&quot;:&quot;yes&quot;,&quot;content_hover_animation&quot;:&quot;fade-in&quot;}\" data-widget_type=\"gallery.default\">\n\t\t\t\t<div class=\"elementor-widget-container\">\n\t\t\t\t\t\t\t<div class=\"elementor-gallery__container\">\n\t\t\t\t\t\t\t<a class=\"e-gallery-item elementor-gallery-item elementor-animated-content\" href=\"https:\/\/www.csgabriel.edu.ec\/wp-content\/uploads\/2026\/01\/04.ActoCivicoMagisPass.jpg\" data-elementor-open-lightbox=\"yes\" data-elementor-lightbox-slideshow=\"a7fb297\" data-elementor-lightbox-title=\"04.ActoCivicoMagisPass\" data-e-action-hash=\"#elementor-action%3Aaction%3Dlightbox%26settings%3DeyJpZCI6Mzg4OTQsInVybCI6Imh0dHBzOlwvXC93d3cuY3NnYWJyaWVsLmVkdS5lY1wvd3AtY29udGVudFwvdXBsb2Fkc1wvMjAyNlwvMDFcLzA0LkFjdG9DaXZpY29NYWdpc1Bhc3MuanBnIiwic2xpZGVzaG93IjoiYTdmYjI5NyJ9\">\n\t\t\t\t\t<div class=\"e-gallery-image elementor-gallery-item__image\" data-thumbnail=\"https:\/\/www.csgabriel.edu.ec\/wp-content\/uploads\/2026\/01\/04.ActoCivicoMagisPass.jpg\" data-width=\"1620\" data-height=\"1080\" aria-label=\"\" role=\"img\" ><\/div>\n\t\t\t\t\t\t\t\t\t\t\t<div class=\"elementor-gallery-item__overlay\"><\/div>\n\t\t\t\t\t\t\t\t\t\t\t\t\t\t<\/a>\n\t\t\t\t\t\t\t<a class=\"e-gallery-item elementor-gallery-item elementor-animated-content\" href=\"https:\/\/www.csgabriel.edu.ec\/wp-content\/uploads\/2026\/01\/02.ActoCivicoMagisPass.png\" data-elementor-open-lightbox=\"yes\" data-elementor-lightbox-slideshow=\"a7fb297\" data-elementor-lightbox-title=\"02.ActoCivicoMagisPass\" data-e-action-hash=\"#elementor-action%3Aaction%3Dlightbox%26settings%3DeyJpZCI6Mzg4OTMsInVybCI6Imh0dHBzOlwvXC93d3cuY3NnYWJyaWVsLmVkdS5lY1wvd3AtY29udGVudFwvdXBsb2Fkc1wvMjAyNlwvMDFcLzAyLkFjdG9DaXZpY29NYWdpc1Bhc3MucG5nIiwic2xpZGVzaG93IjoiYTdmYjI5NyJ9\">\n\t\t\t\t\t<div class=\"e-gallery-image elementor-gallery-item__image\" data-thumbnail=\"https:\/\/www.csgabriel.edu.ec\/wp-content\/uploads\/2026\/01\/02.ActoCivicoMagisPass.png\" data-width=\"1620\" data-height=\"1080\" aria-label=\"\" role=\"img\" ><\/div>\n\t\t\t\t\t\t\t\t\t\t\t<div class=\"elementor-gallery-item__overlay\"><\/div>\n\t\t\t\t\t\t\t\t\t\t\t\t\t\t<\/a>\n\t\t\t\t\t\t\t<a class=\"e-gallery-item elementor-gallery-item elementor-animated-content\" href=\"https:\/\/www.csgabriel.edu.ec\/wp-content\/uploads\/2026\/01\/07.ActoCivicoMagisPass.jpg\" data-elementor-open-lightbox=\"yes\" data-elementor-lightbox-slideshow=\"a7fb297\" data-elementor-lightbox-title=\"07.ActoCivicoMagisPass\" data-e-action-hash=\"#elementor-action%3Aaction%3Dlightbox%26settings%3DeyJpZCI6NDk3MDAsInVybCI6Imh0dHBzOlwvXC93d3cuY3NnYWJyaWVsLmVkdS5lY1wvd3AtY29udGVudFwvdXBsb2Fkc1wvMjAyNlwvMDFcLzA3LkFjdG9DaXZpY29NYWdpc1Bhc3MuanBnIiwic2xpZGVzaG93IjoiYTdmYjI5NyJ9\">\n\t\t\t\t\t<div class=\"e-gallery-image elementor-gallery-item__image\" data-thumbnail=\"https:\/\/www.csgabriel.edu.ec\/wp-content\/uploads\/2026\/01\/07.ActoCivicoMagisPass.jpg\" data-width=\"1620\" data-height=\"1080\" aria-label=\"\" role=\"img\" ><\/div>\n\t\t\t\t\t\t\t\t\t\t\t<div class=\"elementor-gallery-item__overlay\"><\/div>\n\t\t\t\t\t\t\t\t\t\t\t\t\t\t<\/a>\n\t\t\t\t\t<\/div>\n\t\t\t\t\t<\/div>\n\t\t\t\t<\/div>\n\t\t\t\t\t<\/div>\n\t\t\t\t<\/div>\n\t\t\t\t<div class=\"elementor-element elementor-element-abe05b5 elementor-widget elementor-widget-heading\" data-id=\"abe05b5\" data-element_type=\"widget\" data-e-type=\"widget\" data-widget_type=\"heading.default\">\n\t\t\t\t<div class=\"elementor-widget-container\">\n\t\t\t\t\t<h2 class=\"elementor-heading-title elementor-size-default\">Tambi\u00e9n te puede interesar...<\/h2>\t\t\t\t<\/div>\n\t\t\t\t<\/div>\n\t\t\t\t<div class=\"elementor-element elementor-element-4c907e0 elementor-grid-3 elementor-grid-tablet-2 elementor-grid-mobile-1 elementor-posts--thumbnail-top elementor-posts--show-avatar elementor-card-shadow-yes elementor-posts__hover-gradient elementor-widget elementor-widget-posts\" data-id=\"4c907e0\" data-element_type=\"widget\" data-e-type=\"widget\" data-settings=\"{&quot;pagination_type&quot;:&quot;numbers_and_prev_next&quot;,&quot;cards_columns&quot;:&quot;3&quot;,&quot;cards_columns_tablet&quot;:&quot;2&quot;,&quot;cards_columns_mobile&quot;:&quot;1&quot;,&quot;cards_row_gap&quot;:{&quot;unit&quot;:&quot;px&quot;,&quot;size&quot;:35,&quot;sizes&quot;:[]},&quot;cards_row_gap_widescreen&quot;:{&quot;unit&quot;:&quot;px&quot;,&quot;size&quot;:&quot;&quot;,&quot;sizes&quot;:[]},&quot;cards_row_gap_laptop&quot;:{&quot;unit&quot;:&quot;px&quot;,&quot;size&quot;:&quot;&quot;,&quot;sizes&quot;:[]},&quot;cards_row_gap_tablet_extra&quot;:{&quot;unit&quot;:&quot;px&quot;,&quot;size&quot;:&quot;&quot;,&quot;sizes&quot;:[]},&quot;cards_row_gap_tablet&quot;:{&quot;unit&quot;:&quot;px&quot;,&quot;size&quot;:&quot;&quot;,&quot;sizes&quot;:[]},&quot;cards_row_gap_mobile_extra&quot;:{&quot;unit&quot;:&quot;px&quot;,&quot;size&quot;:&quot;&quot;,&quot;sizes&quot;:[]},&quot;cards_row_gap_mobile&quot;:{&quot;unit&quot;:&quot;px&quot;,&quot;size&quot;:&quot;&quot;,&quot;sizes&quot;:[]}}\" data-widget_type=\"posts.cards\">\n\t\t\t\t<div class=\"elementor-widget-container\">\n\t\t\t\t\t\t\t<div class=\"elementor-posts-container elementor-posts elementor-posts--skin-cards elementor-grid\" role=\"list\">\n\t\t\t\t<article class=\"elementor-post elementor-grid-item post-51653 post type-post status-publish format-standard has-post-thumbnail hentry category-transformacion-pedagogica tag-120-anos tag-colegio-san-gabriel-quito tag-comunidad-educativa tag-fiestas-patronales tag-formacion-ignaciana tag-formacion-integral tag-inicial-3-anos tag-innovaccion-xxi tag-innovacion-educativa tag-unidad-educativa-particular-san-gabriel\" role=\"listitem\">\n\t\t\t<div class=\"elementor-post__card\">\n\t\t\t\t<a class=\"elementor-post__thumbnail__link\" href=\"https:\/\/www.csgabriel.edu.ec\/en\/pequenos-pasos-grandes-alegrias\/\" tabindex=\"-1\" ><div class=\"elementor-post__thumbnail\"><img fetchpriority=\"high\" decoding=\"async\" width=\"300\" height=\"200\" src=\"https:\/\/www.csgabriel.edu.ec\/wp-content\/uploads\/2026\/04\/01.CasaAbiertaInicial3-300x200.png\" class=\"attachment-medium size-medium wp-image-51654\" alt=\"\" srcset=\"https:\/\/www.csgabriel.edu.ec\/wp-content\/uploads\/2026\/04\/01.CasaAbiertaInicial3-300x200.png 300w, https:\/\/www.csgabriel.edu.ec\/wp-content\/uploads\/2026\/04\/01.CasaAbiertaInicial3-1024x683.png 1024w, https:\/\/www.csgabriel.edu.ec\/wp-content\/uploads\/2026\/04\/01.CasaAbiertaInicial3-768x512.png 768w, https:\/\/www.csgabriel.edu.ec\/wp-content\/uploads\/2026\/04\/01.CasaAbiertaInicial3-1536x1024.png 1536w, https:\/\/www.csgabriel.edu.ec\/wp-content\/uploads\/2026\/04\/01.CasaAbiertaInicial3-18x12.png 18w, https:\/\/www.csgabriel.edu.ec\/wp-content\/uploads\/2026\/04\/01.CasaAbiertaInicial3.png 1620w\" sizes=\"(max-width: 300px) 100vw, 300px\" \/><\/div><\/a>\n\t\t\t\t<div class=\"elementor-post__badge\">Pedagogical Transformation<\/div>\n\t\t\t\t<div class=\"elementor-post__avatar\">\n\t\t\t\t\t<\/div>\n\t\t\t\t<div class=\"elementor-post__text\">\n\t\t\t\t<h3 class=\"elementor-post__title\">\n\t\t\t<a href=\"https:\/\/www.csgabriel.edu.ec\/en\/pequenos-pasos-grandes-alegrias\/\" >\n\t\t\t\tPeque\u00f1os pasos, grandes alegr\u00edas\t\t\t<\/a>\n\t\t<\/h3>\n\t\t\t\t<div class=\"elementor-post__excerpt\">\n\t\t\t<p>Inicio Peque\u00f1os pasos, grandes alegr\u00edas Las Fiestas Patronales no pod\u00edan estar completas sin la participaci\u00f3n de los minichucaritos de Inicial 3 a\u00f1os. Frente a la<\/p>\n\t\t<\/div>\n\t\t\n\t\t<a class=\"elementor-post__read-more\" href=\"https:\/\/www.csgabriel.edu.ec\/en\/pequenos-pasos-grandes-alegrias\/\" aria-label=\"Read more about Peque\u00f1os pasos, grandes alegr\u00edas\" tabindex=\"-1\" >\n\t\t\tLeer m\u00e1s \u00bb\t\t<\/a>\n\n\t\t\t\t<\/div>\n\t\t\t\t<div class=\"elementor-post__meta-data\">\n\t\t\t\t\t<span class=\"elementor-post-date\">\n\t\t\t29 April, 2026\t\t<\/span>\n\t\t\t\t<span class=\"elementor-post-avatar\">\n\t\t\tNo Comments\t\t<\/span>\n\t\t\t\t<\/div>\n\t\t\t\t\t<\/div>\n\t\t<\/article>\n\t\t\t\t<article class=\"elementor-post elementor-grid-item post-51645 post type-post status-publish format-standard has-post-thumbnail hentry category-transformacion-pedagogica tag-120-anos tag-colegio-san-gabriel-quito tag-comunidad-educativa tag-fiestas-patronales tag-formacion-ignaciana tag-formacion-integral tag-innovaccion-xxi tag-innovacion-educativa tag-unidad-educativa-particular-san-gabriel\" role=\"listitem\">\n\t\t\t<div class=\"elementor-post__card\">\n\t\t\t\t<a class=\"elementor-post__thumbnail__link\" href=\"https:\/\/www.csgabriel.edu.ec\/en\/asi-vivimos-la-casa-abierta-del-proyecto-de-ingles\/\" tabindex=\"-1\" ><div class=\"elementor-post__thumbnail\"><img decoding=\"async\" width=\"300\" height=\"200\" src=\"https:\/\/www.csgabriel.edu.ec\/wp-content\/uploads\/2026\/04\/01.CasaAbiertaIngles-300x200.png\" class=\"attachment-medium size-medium wp-image-51646\" alt=\"\" srcset=\"https:\/\/www.csgabriel.edu.ec\/wp-content\/uploads\/2026\/04\/01.CasaAbiertaIngles-300x200.png 300w, https:\/\/www.csgabriel.edu.ec\/wp-content\/uploads\/2026\/04\/01.CasaAbiertaIngles-1024x683.png 1024w, https:\/\/www.csgabriel.edu.ec\/wp-content\/uploads\/2026\/04\/01.CasaAbiertaIngles-768x512.png 768w, https:\/\/www.csgabriel.edu.ec\/wp-content\/uploads\/2026\/04\/01.CasaAbiertaIngles-1536x1024.png 1536w, https:\/\/www.csgabriel.edu.ec\/wp-content\/uploads\/2026\/04\/01.CasaAbiertaIngles-18x12.png 18w, https:\/\/www.csgabriel.edu.ec\/wp-content\/uploads\/2026\/04\/01.CasaAbiertaIngles.png 1620w\" sizes=\"(max-width: 300px) 100vw, 300px\" \/><\/div><\/a>\n\t\t\t\t<div class=\"elementor-post__badge\">Pedagogical Transformation<\/div>\n\t\t\t\t<div class=\"elementor-post__avatar\">\n\t\t\t\t\t<\/div>\n\t\t\t\t<div class=\"elementor-post__text\">\n\t\t\t\t<h3 class=\"elementor-post__title\">\n\t\t\t<a href=\"https:\/\/www.csgabriel.edu.ec\/en\/asi-vivimos-la-casa-abierta-del-proyecto-de-ingles\/\" >\n\t\t\t\tThis is how we experienced the English Project Open House!\t\t\t<\/a>\n\t\t<\/h3>\n\t\t\t\t<div class=\"elementor-post__excerpt\">\n\t\t\t<p>Inicio \u00a1As\u00ed vivimos la Casa Abierta del Proyecto de Ingl\u00e9s! La Casa Abierta del Proyecto de Ingl\u00e9s se desarroll\u00f3 en toda la Unidad Educativa, con<\/p>\n\t\t<\/div>\n\t\t\n\t\t<a class=\"elementor-post__read-more\" href=\"https:\/\/www.csgabriel.edu.ec\/en\/asi-vivimos-la-casa-abierta-del-proyecto-de-ingles\/\" aria-label=\"Read more about \u00a1As\u00ed vivimos la Casa Abierta del Proyecto de Ingl\u00e9s!\" tabindex=\"-1\" >\n\t\t\tLeer m\u00e1s \u00bb\t\t<\/a>\n\n\t\t\t\t<\/div>\n\t\t\t\t<div class=\"elementor-post__meta-data\">\n\t\t\t\t\t<span class=\"elementor-post-date\">\n\t\t\t28 April, 2026\t\t<\/span>\n\t\t\t\t<span class=\"elementor-post-avatar\">\n\t\t\tNo Comments\t\t<\/span>\n\t\t\t\t<\/div>\n\t\t\t\t\t<\/div>\n\t\t<\/article>\n\t\t\t\t<article class=\"elementor-post elementor-grid-item post-51637 post type-post status-publish format-standard has-post-thumbnail hentry category-transformacion-pedagogica tag-acto-civico tag-colegio-san-gabriel-quito tag-comunidad-educativa tag-dia-del-libro tag-formacion-ignaciana tag-formacion-integral tag-innovaccion-xxi tag-innovacion-educativa tag-unidad-educativa-particular-san-gabriel\" role=\"listitem\">\n\t\t\t<div class=\"elementor-post__card\">\n\t\t\t\t<a class=\"elementor-post__thumbnail__link\" href=\"https:\/\/www.csgabriel.edu.ec\/en\/lectura-cultura-y-logros-deportivos-marcan-el-inicio-del-ultimo-parcial\/\" tabindex=\"-1\" ><div class=\"elementor-post__thumbnail\"><img decoding=\"async\" width=\"300\" height=\"200\" src=\"https:\/\/www.csgabriel.edu.ec\/wp-content\/uploads\/2026\/04\/01.ActoCivicoDiadelLibro-300x200.png\" class=\"attachment-medium size-medium wp-image-51638\" alt=\"\" srcset=\"https:\/\/www.csgabriel.edu.ec\/wp-content\/uploads\/2026\/04\/01.ActoCivicoDiadelLibro-300x200.png 300w, https:\/\/www.csgabriel.edu.ec\/wp-content\/uploads\/2026\/04\/01.ActoCivicoDiadelLibro-1024x683.png 1024w, https:\/\/www.csgabriel.edu.ec\/wp-content\/uploads\/2026\/04\/01.ActoCivicoDiadelLibro-768x512.png 768w, https:\/\/www.csgabriel.edu.ec\/wp-content\/uploads\/2026\/04\/01.ActoCivicoDiadelLibro-1536x1024.png 1536w, https:\/\/www.csgabriel.edu.ec\/wp-content\/uploads\/2026\/04\/01.ActoCivicoDiadelLibro-18x12.png 18w, https:\/\/www.csgabriel.edu.ec\/wp-content\/uploads\/2026\/04\/01.ActoCivicoDiadelLibro.png 1620w\" sizes=\"(max-width: 300px) 100vw, 300px\" \/><\/div><\/a>\n\t\t\t\t<div class=\"elementor-post__badge\">Pedagogical Transformation<\/div>\n\t\t\t\t<div class=\"elementor-post__avatar\">\n\t\t\t\t\t<\/div>\n\t\t\t\t<div class=\"elementor-post__text\">\n\t\t\t\t<h3 class=\"elementor-post__title\">\n\t\t\t<a href=\"https:\/\/www.csgabriel.edu.ec\/en\/lectura-cultura-y-logros-deportivos-marcan-el-inicio-del-ultimo-parcial\/\" >\n\t\t\t\tLectura, cultura y logros deportivos marcan el inicio del \u00faltimo parcial\t\t\t<\/a>\n\t\t<\/h3>\n\t\t\t\t<div class=\"elementor-post__excerpt\">\n\t\t\t<p>Inicio Lectura, cultura y logros deportivos marcan el inicio del \u00faltimo parcial El lunes 27 de abril de 2026, los estudiantes de los distintos niveles<\/p>\n\t\t<\/div>\n\t\t\n\t\t<a class=\"elementor-post__read-more\" href=\"https:\/\/www.csgabriel.edu.ec\/en\/lectura-cultura-y-logros-deportivos-marcan-el-inicio-del-ultimo-parcial\/\" aria-label=\"Read more about Lectura, cultura y logros deportivos marcan el inicio del \u00faltimo parcial\" tabindex=\"-1\" >\n\t\t\tLeer m\u00e1s \u00bb\t\t<\/a>\n\n\t\t\t\t<\/div>\n\t\t\t\t<div class=\"elementor-post__meta-data\">\n\t\t\t\t\t<span class=\"elementor-post-date\">\n\t\t\t27 April, 2026\t\t<\/span>\n\t\t\t\t<span class=\"elementor-post-avatar\">\n\t\t\tNo Comments\t\t<\/span>\n\t\t\t\t<\/div>\n\t\t\t\t\t<\/div>\n\t\t<\/article>\n\t\t\t\t<\/div>\n\t\t\n\t\t\t\t<div class=\"e-load-more-anchor\" data-page=\"1\" data-max-page=\"8\" data-next-page=\"https:\/\/www.csgabriel.edu.ec\/en\/wp-json\/wp\/v2\/posts\/38892\/page\/2\/\"><\/div>\n\t\t\t\t<nav class=\"elementor-pagination\" aria-label=\"Pagination\">\n\t\t\t<span class=\"page-numbers prev\">&laquo; Anterior<\/span>\n<span aria-current=\"page\" class=\"page-numbers current\"><span class=\"elementor-screen-only\">Page<\/span>1<\/span>\n<a class=\"page-numbers\" href=\"https:\/\/www.csgabriel.edu.ec\/en\/wp-json\/wp\/v2\/posts\/38892\/page\/2\/\"><span class=\"elementor-screen-only\">Page<\/span>2<\/a>\n<a class=\"page-numbers\" href=\"https:\/\/www.csgabriel.edu.ec\/en\/wp-json\/wp\/v2\/posts\/38892\/page\/3\/\"><span class=\"elementor-screen-only\">Page<\/span>3<\/a>\n<a class=\"page-numbers\" href=\"https:\/\/www.csgabriel.edu.ec\/en\/wp-json\/wp\/v2\/posts\/38892\/page\/4\/\"><span class=\"elementor-screen-only\">Page<\/span>4<\/a>\n<a class=\"page-numbers\" href=\"https:\/\/www.csgabriel.edu.ec\/en\/wp-json\/wp\/v2\/posts\/38892\/page\/5\/\"><span class=\"elementor-screen-only\">Page<\/span>5<\/a>\n<a class=\"page-numbers next\" href=\"https:\/\/www.csgabriel.edu.ec\/en\/wp-json\/wp\/v2\/posts\/38892\/page\/2\/\">Siguiente &raquo;<\/a>\t\t<\/nav>\n\t\t\t\t\t\t<\/div>\n\t\t\t\t<\/div>\n\t\t\t\t<\/div>\n\t\t\t\t<\/div>","protected":false},"excerpt":{"rendered":"<p>Inicio Magis Pass y reconocimientos en Acto C\u00edvico La semana del 19 de enero de 2026 inici\u00f3 con los actos c\u00edvicos de B\u00e1sica Elemental y Media en el patio de banderas, mientras que los niveles de B\u00e1sica Superior y Bachillerato realizaron su ceremonia en el polideportivo. Durante la jornada se conmemor\u00f3 el D\u00eda Mundial de [&hellip;]<\/p>\n","protected":false},"author":4,"featured_media":49700,"comment_status":"closed","ping_status":"","sticky":false,"template":"","format":"standard","meta":{"footnotes":""},"categories":[43],"tags":[],"class_list":["post-38892","post","type-post","status-publish","format-standard","has-post-thumbnail","hentry","category-transformacion-pedagogica"],"_links":{"self":[{"href":"https:\/\/www.csgabriel.edu.ec\/en\/wp-json\/wp\/v2\/posts\/38892","targetHints":{"allow":["GET"]}}],"collection":[{"href":"https:\/\/www.csgabriel.edu.ec\/en\/wp-json\/wp\/v2\/posts"}],"about":[{"href":"https:\/\/www.csgabriel.edu.ec\/en\/wp-json\/wp\/v2\/types\/post"}],"author":[{"embeddable":true,"href":"https:\/\/www.csgabriel.edu.ec\/en\/wp-json\/wp\/v2\/users\/4"}],"replies":[{"embeddable":true,"href":"https:\/\/www.csgabriel.edu.ec\/en\/wp-json\/wp\/v2\/comments?post=38892"}],"version-history":[{"count":10,"href":"https:\/\/www.csgabriel.edu.ec\/en\/wp-json\/wp\/v2\/posts\/38892\/revisions"}],"predecessor-version":[{"id":50651,"href":"https:\/\/www.csgabriel.edu.ec\/en\/wp-json\/wp\/v2\/posts\/38892\/revisions\/50651"}],"wp:featuredmedia":[{"embeddable":true,"href":"https:\/\/www.csgabriel.edu.ec\/en\/wp-json\/wp\/v2\/media\/49700"}],"wp:attachment":[{"href":"https:\/\/www.csgabriel.edu.ec\/en\/wp-json\/wp\/v2\/media?parent=38892"}],"wp:term":[{"taxonomy":"category","embeddable":true,"href":"https:\/\/www.csgabriel.edu.ec\/en\/wp-json\/wp\/v2\/categories?post=38892"},{"taxonomy":"post_tag","embeddable":true,"href":"https:\/\/www.csgabriel.edu.ec\/en\/wp-json\/wp\/v2\/tags?post=38892"}],"curies":[{"name":"wp","href":"https:\/\/api.w.org\/{rel}","templated":true}]}}