{"id":49678,"date":"2026-02-13T13:45:44","date_gmt":"2026-02-13T18:45:44","guid":{"rendered":"https:\/\/www.csgabriel.edu.ec\/?p=39173"},"modified":"2026-03-09T10:24:45","modified_gmt":"2026-03-09T15:24:45","slug":"el-club-onu-del-san-gabriel-destaca-en-condamonu-2026","status":"publish","type":"post","link":"https:\/\/www.csgabriel.edu.ec\/en\/el-club-onu-del-san-gabriel-destaca-en-condamonu-2026\/","title":{"rendered":"El Club ONU del San Gabriel destaca en CONDAMONU 2026"},"content":{"rendered":"<div data-elementor-type=\"wp-post\" data-elementor-id=\"49678\" class=\"elementor elementor-49678\" data-elementor-settings=\"{&quot;ha_cmc_init_switcher&quot;:&quot;no&quot;}\" data-elementor-post-type=\"post\">\n\t\t\t\t<div class=\"elementor-element elementor-element-b585b45 e-flex e-con-boxed e-con e-parent\" data-id=\"b585b45\" data-element_type=\"container\" data-e-type=\"container\" data-settings=\"{&quot;background_background&quot;:&quot;classic&quot;,&quot;_ha_eqh_enable&quot;:false}\">\n\t\t\t\t\t<div class=\"e-con-inner\">\n\t\t\t\t<div class=\"elementor-element elementor-element-48871f8 elementor-widget elementor-widget-spacer\" data-id=\"48871f8\" data-element_type=\"widget\" data-e-type=\"widget\" data-widget_type=\"spacer.default\">\n\t\t\t\t<div class=\"elementor-widget-container\">\n\t\t\t\t\t\t\t<div class=\"elementor-spacer\">\n\t\t\t<div class=\"elementor-spacer-inner\"><\/div>\n\t\t<\/div>\n\t\t\t\t\t\t<\/div>\n\t\t\t\t<\/div>\n\t\t\t\t\t<\/div>\n\t\t\t\t<\/div>\n\t\t<div class=\"elementor-element elementor-element-4c2ca95 e-con-full e-flex e-con e-parent\" data-id=\"4c2ca95\" data-element_type=\"container\" data-e-type=\"container\" data-settings=\"{&quot;_ha_eqh_enable&quot;:false}\">\n\t\t\t\t<div class=\"elementor-element elementor-element-9b5f90b elementor-widget__width-inherit elementor-widget elementor-widget-hfe-breadcrumbs-widget\" data-id=\"9b5f90b\" data-element_type=\"widget\" data-e-type=\"widget\" data-widget_type=\"hfe-breadcrumbs-widget.default\">\n\t\t\t\t<div class=\"elementor-widget-container\">\n\t\t\t\t\t<nav aria-label=\"Breadcrumb\"><ul class=\"hfe-breadcrumbs hfe-breadcrumbs-show-home\"><li class=\"hfe-breadcrumbs-item hfe-breadcrumbs-first\"><span class=\"hfe-breadcrumbs-home-icon\"><\/span><a href=\"https:\/\/www.csgabriel.edu.ec\/en\"><span class=\"hfe-breadcrumbs-text\">Home<\/span><\/a><\/li><\/ul><\/nav>\t\t\t\t<\/div>\n\t\t\t\t<\/div>\n\t\t\t\t<\/div>\n\t\t<div class=\"elementor-element elementor-element-b1fe73a e-con-full e-flex e-con e-parent\" data-id=\"b1fe73a\" data-element_type=\"container\" data-e-type=\"container\" data-settings=\"{&quot;_ha_eqh_enable&quot;:false}\">\n\t\t<div class=\"elementor-element elementor-element-81ef15f e-flex e-con-boxed e-con e-child\" data-id=\"81ef15f\" data-element_type=\"container\" data-e-type=\"container\" data-settings=\"{&quot;_ha_eqh_enable&quot;:false}\">\n\t\t\t\t\t<div class=\"e-con-inner\">\n\t\t\t\t<div class=\"elementor-element elementor-element-415d891 elementor-widget elementor-widget-heading\" data-id=\"415d891\" data-element_type=\"widget\" data-e-type=\"widget\" data-widget_type=\"heading.default\">\n\t\t\t\t<div class=\"elementor-widget-container\">\n\t\t\t\t\t<h2 class=\"elementor-heading-title elementor-size-default\">El Club ONU del San Gabriel destaca en CONDAMONU 2026<\/h2>\t\t\t\t<\/div>\n\t\t\t\t<\/div>\n\t\t\t\t<div class=\"elementor-element elementor-element-9ee7a53 elementor-widget-divider--view-line elementor-widget elementor-widget-divider\" data-id=\"9ee7a53\" data-element_type=\"widget\" data-e-type=\"widget\" data-widget_type=\"divider.default\">\n\t\t\t\t<div class=\"elementor-widget-container\">\n\t\t\t\t\t\t\t<div class=\"elementor-divider\">\n\t\t\t<span class=\"elementor-divider-separator\">\n\t\t\t\t\t\t<\/span>\n\t\t<\/div>\n\t\t\t\t\t\t<\/div>\n\t\t\t\t<\/div>\n\t\t\t\t<div class=\"elementor-element elementor-element-d48e508 elementor-widget elementor-widget-text-editor\" data-id=\"d48e508\" data-element_type=\"widget\" data-e-type=\"widget\" data-widget_type=\"text-editor.default\">\n\t\t\t\t<div class=\"elementor-widget-container\">\n\t\t\t\t\t\t\t\t\t<p><span style=\"font-weight: 400;\">Del jueves 05 al s\u00e1bado 07 de febrero de 2026, el Club ONU de la Unidad Educativa Particular San Gabriel particip\u00f3 en CONDAMONU, modelo de Naciones Unidas organizado por el Liceo Franco Ecuatoriano La Condamine, en jornadas extendidas que pusieron a prueba el nivel acad\u00e9mico, argumentativo y diplom\u00e1tico de nuestros estudiantes.<\/span><\/p><p><span style=\"font-weight: 400;\">El evento reuni\u00f3 a aproximadamente 15 colegios de Quito, generando un espacio de debate exigente y de alta competencia en distintos comit\u00e9s internacionales. Al cierre del evento, el San Gabriel obtuvo importantes reconocimientos:<\/span><\/p><p><span style=\"font-weight: 400;\">David E.: Trofeo y diploma como Mejor Delegado en el comit\u00e9 ACNUR \u2013 Alto Comisionado de las Naciones Unidas para los Refugiados (1.er lugar en su comit\u00e9).<\/span><\/p><p><span style=\"font-weight: 400;\">Isabela U.: 1.\u00aa menci\u00f3n de honor a mejor delegada en ACNUR (2.\u00ba lugar en su comit\u00e9).<\/span><\/p><p><span style=\"font-weight: 400;\">Romina O: 2.\u00aa menci\u00f3n de honor a mejor delegada en el comit\u00e9 OEA \u2013 Organizaci\u00f3n de los Estados Americanos (3.er lugar en su comit\u00e9).<\/span><\/p><p><span style=\"font-weight: 400;\">Anderson R.: Diploma como abogado ganador en el litigio internacional \u201cAplicaci\u00f3n de la Convenci\u00f3n Internacional sobre la Eliminaci\u00f3n de todas las Formas de Discriminaci\u00f3n Racial (Qatar c. Emiratos \u00c1rabes Unidos)\u201d.<\/span><\/p><p><span style=\"font-weight: 400;\">Stefano M.: Menci\u00f3n verbal por destacada participaci\u00f3n en el comit\u00e9 Consejo de Seguridad.<\/span><\/p><p><span style=\"font-weight: 400;\">Macarena C.: Menci\u00f3n verbal por destacada participaci\u00f3n en UNESCO.<\/span><\/p><p><span style=\"font-weight: 400;\">Sof\u00eda A.: Menci\u00f3n verbal por destacada participaci\u00f3n en ACNUR.<\/span><\/p><p><span style=\"font-weight: 400;\">M\u00e1s all\u00e1 de los premios obtenidos, todos los estudiantes del Club ONU demostraron preparaci\u00f3n, compromiso y solidez en el debate, enfrentando con altura una competencia de alto nivel. La experiencia result\u00f3 profundamente formativa y dej\u00f3 un balance muy satisfactorio para nuestra comunidad.<\/span><\/p><p><span style=\"font-weight: 400;\">Felicitamos a cada uno de los participantes y agradecemos el respaldo de Coordinaci\u00f3n y Direcci\u00f3n Acad\u00e9mica en la organizaci\u00f3n de esta experiencia que fortalece el pensamiento cr\u00edtico, la argumentaci\u00f3n y el liderazgo de nuestros estudiantes.<\/span><\/p>\t\t\t\t\t\t\t\t<\/div>\n\t\t\t\t<\/div>\n\t\t\t\t<div class=\"elementor-element elementor-element-40371f8 elementor-widget elementor-widget-gallery\" data-id=\"40371f8\" data-element_type=\"widget\" data-e-type=\"widget\" data-settings=\"{&quot;columns&quot;:3,&quot;gap&quot;:{&quot;unit&quot;:&quot;px&quot;,&quot;size&quot;:8,&quot;sizes&quot;:[]},&quot;aspect_ratio&quot;:&quot;16:9&quot;,&quot;lazyload&quot;:&quot;yes&quot;,&quot;gallery_layout&quot;:&quot;grid&quot;,&quot;columns_tablet&quot;:2,&quot;columns_mobile&quot;:1,&quot;gap_widescreen&quot;:{&quot;unit&quot;:&quot;px&quot;,&quot;size&quot;:&quot;&quot;,&quot;sizes&quot;:[]},&quot;gap_laptop&quot;:{&quot;unit&quot;:&quot;px&quot;,&quot;size&quot;:10,&quot;sizes&quot;:[]},&quot;gap_tablet_extra&quot;:{&quot;unit&quot;:&quot;px&quot;,&quot;size&quot;:10,&quot;sizes&quot;:[]},&quot;gap_tablet&quot;:{&quot;unit&quot;:&quot;px&quot;,&quot;size&quot;:10,&quot;sizes&quot;:[]},&quot;gap_mobile_extra&quot;:{&quot;unit&quot;:&quot;px&quot;,&quot;size&quot;:10,&quot;sizes&quot;:[]},&quot;gap_mobile&quot;:{&quot;unit&quot;:&quot;px&quot;,&quot;size&quot;:10,&quot;sizes&quot;:[]},&quot;link_to&quot;:&quot;file&quot;,&quot;overlay_background&quot;:&quot;yes&quot;,&quot;content_hover_animation&quot;:&quot;fade-in&quot;}\" data-widget_type=\"gallery.default\">\n\t\t\t\t<div class=\"elementor-widget-container\">\n\t\t\t\t\t\t\t<div class=\"elementor-gallery__container\">\n\t\t\t\t\t\t\t<a class=\"e-gallery-item elementor-gallery-item elementor-animated-content\" href=\"https:\/\/www.csgabriel.edu.ec\/wp-content\/uploads\/2026\/02\/01.CONDAMONU-OK.png\" data-elementor-open-lightbox=\"yes\" data-elementor-lightbox-slideshow=\"40371f8\" data-elementor-lightbox-title=\"01.CONDAMONU-OK\" data-e-action-hash=\"#elementor-action%3Aaction%3Dlightbox%26settings%3DeyJpZCI6NDk3MTUsInVybCI6Imh0dHBzOlwvXC93d3cuY3NnYWJyaWVsLmVkdS5lY1wvd3AtY29udGVudFwvdXBsb2Fkc1wvMjAyNlwvMDJcLzAxLkNPTkRBTU9OVS1PSy5wbmciLCJzbGlkZXNob3ciOiI0MDM3MWY4In0%3D\">\n\t\t\t\t\t<div class=\"e-gallery-image elementor-gallery-item__image\" data-thumbnail=\"https:\/\/www.csgabriel.edu.ec\/wp-content\/uploads\/2026\/02\/01.CONDAMONU-OK.png\" data-width=\"1620\" data-height=\"1080\" aria-label=\"\" role=\"img\" ><\/div>\n\t\t\t\t\t\t\t\t\t\t\t<div class=\"elementor-gallery-item__overlay\"><\/div>\n\t\t\t\t\t\t\t\t\t\t\t\t\t\t<\/a>\n\t\t\t\t\t\t\t<a class=\"e-gallery-item elementor-gallery-item elementor-animated-content\" href=\"https:\/\/www.csgabriel.edu.ec\/wp-content\/uploads\/2026\/02\/02.CONDAMONU-OK.png\" data-elementor-open-lightbox=\"yes\" data-elementor-lightbox-slideshow=\"40371f8\" data-elementor-lightbox-title=\"02.CONDAMONU-OK\" data-e-action-hash=\"#elementor-action%3Aaction%3Dlightbox%26settings%3DeyJpZCI6NDk3MTYsInVybCI6Imh0dHBzOlwvXC93d3cuY3NnYWJyaWVsLmVkdS5lY1wvd3AtY29udGVudFwvdXBsb2Fkc1wvMjAyNlwvMDJcLzAyLkNPTkRBTU9OVS1PSy5wbmciLCJzbGlkZXNob3ciOiI0MDM3MWY4In0%3D\">\n\t\t\t\t\t<div class=\"e-gallery-image elementor-gallery-item__image\" data-thumbnail=\"https:\/\/www.csgabriel.edu.ec\/wp-content\/uploads\/2026\/02\/02.CONDAMONU-OK.png\" data-width=\"1620\" data-height=\"1080\" aria-label=\"\" role=\"img\" ><\/div>\n\t\t\t\t\t\t\t\t\t\t\t<div class=\"elementor-gallery-item__overlay\"><\/div>\n\t\t\t\t\t\t\t\t\t\t\t\t\t\t<\/a>\n\t\t\t\t\t\t\t<a class=\"e-gallery-item elementor-gallery-item elementor-animated-content\" href=\"https:\/\/www.csgabriel.edu.ec\/wp-content\/uploads\/2026\/02\/05.CONDAMONU-OK.png\" data-elementor-open-lightbox=\"yes\" data-elementor-lightbox-slideshow=\"40371f8\" data-elementor-lightbox-title=\"05.CONDAMONU-OK\" data-e-action-hash=\"#elementor-action%3Aaction%3Dlightbox%26settings%3DeyJpZCI6NDk3MTcsInVybCI6Imh0dHBzOlwvXC93d3cuY3NnYWJyaWVsLmVkdS5lY1wvd3AtY29udGVudFwvdXBsb2Fkc1wvMjAyNlwvMDJcLzA1LkNPTkRBTU9OVS1PSy5wbmciLCJzbGlkZXNob3ciOiI0MDM3MWY4In0%3D\">\n\t\t\t\t\t<div class=\"e-gallery-image elementor-gallery-item__image\" data-thumbnail=\"https:\/\/www.csgabriel.edu.ec\/wp-content\/uploads\/2026\/02\/05.CONDAMONU-OK.png\" data-width=\"1620\" data-height=\"1080\" aria-label=\"\" role=\"img\" ><\/div>\n\t\t\t\t\t\t\t\t\t\t\t<div class=\"elementor-gallery-item__overlay\"><\/div>\n\t\t\t\t\t\t\t\t\t\t\t\t\t\t<\/a>\n\t\t\t\t\t<\/div>\n\t\t\t\t\t<\/div>\n\t\t\t\t<\/div>\n\t\t\t\t\t<\/div>\n\t\t\t\t<\/div>\n\t\t\t\t<div class=\"elementor-element elementor-element-424b3f5 elementor-widget elementor-widget-heading\" data-id=\"424b3f5\" data-element_type=\"widget\" data-e-type=\"widget\" data-widget_type=\"heading.default\">\n\t\t\t\t<div class=\"elementor-widget-container\">\n\t\t\t\t\t<h2 class=\"elementor-heading-title elementor-size-default\">Tambi\u00e9n te puede interesar...<\/h2>\t\t\t\t<\/div>\n\t\t\t\t<\/div>\n\t\t\t\t<div class=\"elementor-element elementor-element-a82165a elementor-grid-3 elementor-grid-tablet-2 elementor-grid-mobile-1 elementor-posts--thumbnail-top elementor-posts--show-avatar elementor-card-shadow-yes elementor-posts__hover-gradient elementor-widget elementor-widget-posts\" data-id=\"a82165a\" data-element_type=\"widget\" data-e-type=\"widget\" data-settings=\"{&quot;pagination_type&quot;:&quot;numbers_and_prev_next&quot;,&quot;cards_columns&quot;:&quot;3&quot;,&quot;cards_columns_tablet&quot;:&quot;2&quot;,&quot;cards_columns_mobile&quot;:&quot;1&quot;,&quot;cards_row_gap&quot;:{&quot;unit&quot;:&quot;px&quot;,&quot;size&quot;:35,&quot;sizes&quot;:[]},&quot;cards_row_gap_widescreen&quot;:{&quot;unit&quot;:&quot;px&quot;,&quot;size&quot;:&quot;&quot;,&quot;sizes&quot;:[]},&quot;cards_row_gap_laptop&quot;:{&quot;unit&quot;:&quot;px&quot;,&quot;size&quot;:&quot;&quot;,&quot;sizes&quot;:[]},&quot;cards_row_gap_tablet_extra&quot;:{&quot;unit&quot;:&quot;px&quot;,&quot;size&quot;:&quot;&quot;,&quot;sizes&quot;:[]},&quot;cards_row_gap_tablet&quot;:{&quot;unit&quot;:&quot;px&quot;,&quot;size&quot;:&quot;&quot;,&quot;sizes&quot;:[]},&quot;cards_row_gap_mobile_extra&quot;:{&quot;unit&quot;:&quot;px&quot;,&quot;size&quot;:&quot;&quot;,&quot;sizes&quot;:[]},&quot;cards_row_gap_mobile&quot;:{&quot;unit&quot;:&quot;px&quot;,&quot;size&quot;:&quot;&quot;,&quot;sizes&quot;:[]}}\" data-widget_type=\"posts.cards\">\n\t\t\t\t<div class=\"elementor-widget-container\">\n\t\t\t\t\t\t\t<div class=\"elementor-posts-container elementor-posts elementor-posts--skin-cards elementor-grid\" role=\"list\">\n\t\t\t\t<article class=\"elementor-post elementor-grid-item post-51653 post type-post status-publish format-standard has-post-thumbnail hentry category-transformacion-pedagogica tag-120-anos tag-colegio-san-gabriel-quito tag-comunidad-educativa tag-fiestas-patronales tag-formacion-ignaciana tag-formacion-integral tag-inicial-3-anos tag-innovaccion-xxi tag-innovacion-educativa tag-unidad-educativa-particular-san-gabriel\" role=\"listitem\">\n\t\t\t<div class=\"elementor-post__card\">\n\t\t\t\t<a class=\"elementor-post__thumbnail__link\" href=\"https:\/\/www.csgabriel.edu.ec\/en\/pequenos-pasos-grandes-alegrias\/\" tabindex=\"-1\" ><div class=\"elementor-post__thumbnail\"><img fetchpriority=\"high\" decoding=\"async\" width=\"300\" height=\"200\" src=\"https:\/\/www.csgabriel.edu.ec\/wp-content\/uploads\/2026\/04\/01.CasaAbiertaInicial3-300x200.png\" class=\"attachment-medium size-medium wp-image-51654\" alt=\"\" srcset=\"https:\/\/www.csgabriel.edu.ec\/wp-content\/uploads\/2026\/04\/01.CasaAbiertaInicial3-300x200.png 300w, https:\/\/www.csgabriel.edu.ec\/wp-content\/uploads\/2026\/04\/01.CasaAbiertaInicial3-1024x683.png 1024w, https:\/\/www.csgabriel.edu.ec\/wp-content\/uploads\/2026\/04\/01.CasaAbiertaInicial3-768x512.png 768w, https:\/\/www.csgabriel.edu.ec\/wp-content\/uploads\/2026\/04\/01.CasaAbiertaInicial3-1536x1024.png 1536w, https:\/\/www.csgabriel.edu.ec\/wp-content\/uploads\/2026\/04\/01.CasaAbiertaInicial3-18x12.png 18w, https:\/\/www.csgabriel.edu.ec\/wp-content\/uploads\/2026\/04\/01.CasaAbiertaInicial3.png 1620w\" sizes=\"(max-width: 300px) 100vw, 300px\" \/><\/div><\/a>\n\t\t\t\t<div class=\"elementor-post__badge\">Pedagogical Transformation<\/div>\n\t\t\t\t<div class=\"elementor-post__avatar\">\n\t\t\t\t\t<\/div>\n\t\t\t\t<div class=\"elementor-post__text\">\n\t\t\t\t<h3 class=\"elementor-post__title\">\n\t\t\t<a href=\"https:\/\/www.csgabriel.edu.ec\/en\/pequenos-pasos-grandes-alegrias\/\" >\n\t\t\t\tPeque\u00f1os pasos, grandes alegr\u00edas\t\t\t<\/a>\n\t\t<\/h3>\n\t\t\t\t<div class=\"elementor-post__excerpt\">\n\t\t\t<p>Inicio Peque\u00f1os pasos, grandes alegr\u00edas Las Fiestas Patronales no pod\u00edan estar completas sin la participaci\u00f3n de los minichucaritos de Inicial 3 a\u00f1os. Frente a la<\/p>\n\t\t<\/div>\n\t\t\n\t\t<a class=\"elementor-post__read-more\" href=\"https:\/\/www.csgabriel.edu.ec\/en\/pequenos-pasos-grandes-alegrias\/\" aria-label=\"Read more about Peque\u00f1os pasos, grandes alegr\u00edas\" tabindex=\"-1\" >\n\t\t\tLeer m\u00e1s \u00bb\t\t<\/a>\n\n\t\t\t\t<\/div>\n\t\t\t\t<div class=\"elementor-post__meta-data\">\n\t\t\t\t\t<span class=\"elementor-post-date\">\n\t\t\t29 April, 2026\t\t<\/span>\n\t\t\t\t<span class=\"elementor-post-avatar\">\n\t\t\tNo Comments\t\t<\/span>\n\t\t\t\t<\/div>\n\t\t\t\t\t<\/div>\n\t\t<\/article>\n\t\t\t\t<article class=\"elementor-post elementor-grid-item post-51645 post type-post status-publish format-standard has-post-thumbnail hentry category-transformacion-pedagogica tag-120-anos tag-colegio-san-gabriel-quito tag-comunidad-educativa tag-fiestas-patronales tag-formacion-ignaciana tag-formacion-integral tag-innovaccion-xxi tag-innovacion-educativa tag-unidad-educativa-particular-san-gabriel\" role=\"listitem\">\n\t\t\t<div class=\"elementor-post__card\">\n\t\t\t\t<a class=\"elementor-post__thumbnail__link\" href=\"https:\/\/www.csgabriel.edu.ec\/en\/asi-vivimos-la-casa-abierta-del-proyecto-de-ingles\/\" tabindex=\"-1\" ><div class=\"elementor-post__thumbnail\"><img decoding=\"async\" width=\"300\" height=\"200\" src=\"https:\/\/www.csgabriel.edu.ec\/wp-content\/uploads\/2026\/04\/01.CasaAbiertaIngles-300x200.png\" class=\"attachment-medium size-medium wp-image-51646\" alt=\"\" srcset=\"https:\/\/www.csgabriel.edu.ec\/wp-content\/uploads\/2026\/04\/01.CasaAbiertaIngles-300x200.png 300w, https:\/\/www.csgabriel.edu.ec\/wp-content\/uploads\/2026\/04\/01.CasaAbiertaIngles-1024x683.png 1024w, https:\/\/www.csgabriel.edu.ec\/wp-content\/uploads\/2026\/04\/01.CasaAbiertaIngles-768x512.png 768w, https:\/\/www.csgabriel.edu.ec\/wp-content\/uploads\/2026\/04\/01.CasaAbiertaIngles-1536x1024.png 1536w, https:\/\/www.csgabriel.edu.ec\/wp-content\/uploads\/2026\/04\/01.CasaAbiertaIngles-18x12.png 18w, https:\/\/www.csgabriel.edu.ec\/wp-content\/uploads\/2026\/04\/01.CasaAbiertaIngles.png 1620w\" sizes=\"(max-width: 300px) 100vw, 300px\" \/><\/div><\/a>\n\t\t\t\t<div class=\"elementor-post__badge\">Pedagogical Transformation<\/div>\n\t\t\t\t<div class=\"elementor-post__avatar\">\n\t\t\t\t\t<\/div>\n\t\t\t\t<div class=\"elementor-post__text\">\n\t\t\t\t<h3 class=\"elementor-post__title\">\n\t\t\t<a href=\"https:\/\/www.csgabriel.edu.ec\/en\/asi-vivimos-la-casa-abierta-del-proyecto-de-ingles\/\" >\n\t\t\t\tThis is how we experienced the English Project Open House!\t\t\t<\/a>\n\t\t<\/h3>\n\t\t\t\t<div class=\"elementor-post__excerpt\">\n\t\t\t<p>Inicio \u00a1As\u00ed vivimos la Casa Abierta del Proyecto de Ingl\u00e9s! La Casa Abierta del Proyecto de Ingl\u00e9s se desarroll\u00f3 en toda la Unidad Educativa, con<\/p>\n\t\t<\/div>\n\t\t\n\t\t<a class=\"elementor-post__read-more\" href=\"https:\/\/www.csgabriel.edu.ec\/en\/asi-vivimos-la-casa-abierta-del-proyecto-de-ingles\/\" aria-label=\"Read more about \u00a1As\u00ed vivimos la Casa Abierta del Proyecto de Ingl\u00e9s!\" tabindex=\"-1\" >\n\t\t\tLeer m\u00e1s \u00bb\t\t<\/a>\n\n\t\t\t\t<\/div>\n\t\t\t\t<div class=\"elementor-post__meta-data\">\n\t\t\t\t\t<span class=\"elementor-post-date\">\n\t\t\t28 April, 2026\t\t<\/span>\n\t\t\t\t<span class=\"elementor-post-avatar\">\n\t\t\tNo Comments\t\t<\/span>\n\t\t\t\t<\/div>\n\t\t\t\t\t<\/div>\n\t\t<\/article>\n\t\t\t\t<article class=\"elementor-post elementor-grid-item post-51637 post type-post status-publish format-standard has-post-thumbnail hentry category-transformacion-pedagogica tag-acto-civico tag-colegio-san-gabriel-quito tag-comunidad-educativa tag-dia-del-libro tag-formacion-ignaciana tag-formacion-integral tag-innovaccion-xxi tag-innovacion-educativa tag-unidad-educativa-particular-san-gabriel\" role=\"listitem\">\n\t\t\t<div class=\"elementor-post__card\">\n\t\t\t\t<a class=\"elementor-post__thumbnail__link\" href=\"https:\/\/www.csgabriel.edu.ec\/en\/lectura-cultura-y-logros-deportivos-marcan-el-inicio-del-ultimo-parcial\/\" tabindex=\"-1\" ><div class=\"elementor-post__thumbnail\"><img decoding=\"async\" width=\"300\" height=\"200\" src=\"https:\/\/www.csgabriel.edu.ec\/wp-content\/uploads\/2026\/04\/01.ActoCivicoDiadelLibro-300x200.png\" class=\"attachment-medium size-medium wp-image-51638\" alt=\"\" srcset=\"https:\/\/www.csgabriel.edu.ec\/wp-content\/uploads\/2026\/04\/01.ActoCivicoDiadelLibro-300x200.png 300w, https:\/\/www.csgabriel.edu.ec\/wp-content\/uploads\/2026\/04\/01.ActoCivicoDiadelLibro-1024x683.png 1024w, https:\/\/www.csgabriel.edu.ec\/wp-content\/uploads\/2026\/04\/01.ActoCivicoDiadelLibro-768x512.png 768w, https:\/\/www.csgabriel.edu.ec\/wp-content\/uploads\/2026\/04\/01.ActoCivicoDiadelLibro-1536x1024.png 1536w, https:\/\/www.csgabriel.edu.ec\/wp-content\/uploads\/2026\/04\/01.ActoCivicoDiadelLibro-18x12.png 18w, https:\/\/www.csgabriel.edu.ec\/wp-content\/uploads\/2026\/04\/01.ActoCivicoDiadelLibro.png 1620w\" sizes=\"(max-width: 300px) 100vw, 300px\" \/><\/div><\/a>\n\t\t\t\t<div class=\"elementor-post__badge\">Pedagogical Transformation<\/div>\n\t\t\t\t<div class=\"elementor-post__avatar\">\n\t\t\t\t\t<\/div>\n\t\t\t\t<div class=\"elementor-post__text\">\n\t\t\t\t<h3 class=\"elementor-post__title\">\n\t\t\t<a href=\"https:\/\/www.csgabriel.edu.ec\/en\/lectura-cultura-y-logros-deportivos-marcan-el-inicio-del-ultimo-parcial\/\" >\n\t\t\t\tLectura, cultura y logros deportivos marcan el inicio del \u00faltimo parcial\t\t\t<\/a>\n\t\t<\/h3>\n\t\t\t\t<div class=\"elementor-post__excerpt\">\n\t\t\t<p>Inicio Lectura, cultura y logros deportivos marcan el inicio del \u00faltimo parcial El lunes 27 de abril de 2026, los estudiantes de los distintos niveles<\/p>\n\t\t<\/div>\n\t\t\n\t\t<a class=\"elementor-post__read-more\" href=\"https:\/\/www.csgabriel.edu.ec\/en\/lectura-cultura-y-logros-deportivos-marcan-el-inicio-del-ultimo-parcial\/\" aria-label=\"Read more about Lectura, cultura y logros deportivos marcan el inicio del \u00faltimo parcial\" tabindex=\"-1\" >\n\t\t\tLeer m\u00e1s \u00bb\t\t<\/a>\n\n\t\t\t\t<\/div>\n\t\t\t\t<div class=\"elementor-post__meta-data\">\n\t\t\t\t\t<span class=\"elementor-post-date\">\n\t\t\t27 April, 2026\t\t<\/span>\n\t\t\t\t<span class=\"elementor-post-avatar\">\n\t\t\tNo Comments\t\t<\/span>\n\t\t\t\t<\/div>\n\t\t\t\t\t<\/div>\n\t\t<\/article>\n\t\t\t\t<\/div>\n\t\t\n\t\t\t\t<div class=\"e-load-more-anchor\" data-page=\"1\" data-max-page=\"8\" data-next-page=\"https:\/\/www.csgabriel.edu.ec\/en\/wp-json\/wp\/v2\/posts\/49678\/page\/2\/\"><\/div>\n\t\t\t\t<nav class=\"elementor-pagination\" aria-label=\"Pagination\">\n\t\t\t<span class=\"page-numbers prev\">&laquo; Anterior<\/span>\n<span aria-current=\"page\" class=\"page-numbers current\"><span class=\"elementor-screen-only\">Page<\/span>1<\/span>\n<a class=\"page-numbers\" href=\"https:\/\/www.csgabriel.edu.ec\/en\/wp-json\/wp\/v2\/posts\/49678\/page\/2\/\"><span class=\"elementor-screen-only\">Page<\/span>2<\/a>\n<a class=\"page-numbers\" href=\"https:\/\/www.csgabriel.edu.ec\/en\/wp-json\/wp\/v2\/posts\/49678\/page\/3\/\"><span class=\"elementor-screen-only\">Page<\/span>3<\/a>\n<a class=\"page-numbers\" href=\"https:\/\/www.csgabriel.edu.ec\/en\/wp-json\/wp\/v2\/posts\/49678\/page\/4\/\"><span class=\"elementor-screen-only\">Page<\/span>4<\/a>\n<a class=\"page-numbers\" href=\"https:\/\/www.csgabriel.edu.ec\/en\/wp-json\/wp\/v2\/posts\/49678\/page\/5\/\"><span class=\"elementor-screen-only\">Page<\/span>5<\/a>\n<a class=\"page-numbers next\" href=\"https:\/\/www.csgabriel.edu.ec\/en\/wp-json\/wp\/v2\/posts\/49678\/page\/2\/\">Siguiente &raquo;<\/a>\t\t<\/nav>\n\t\t\t\t\t\t<\/div>\n\t\t\t\t<\/div>\n\t\t\t\t<\/div>\n\t\t\t\t<\/div>","protected":false},"excerpt":{"rendered":"<p>Inicio El Club ONU del San Gabriel destaca en CONDAMONU 2026 Del jueves 05 al s\u00e1bado 07 de febrero de 2026, el Club ONU de la Unidad Educativa Particular San Gabriel particip\u00f3 en CONDAMONU, modelo de Naciones Unidas organizado por el Liceo Franco Ecuatoriano La Condamine, en jornadas extendidas que pusieron a prueba el nivel [&hellip;]<\/p>\n","protected":false},"author":4,"featured_media":49717,"comment_status":"closed","ping_status":"","sticky":false,"template":"","format":"standard","meta":{"footnotes":""},"categories":[43],"tags":[],"class_list":["post-49678","post","type-post","status-publish","format-standard","has-post-thumbnail","hentry","category-transformacion-pedagogica"],"_links":{"self":[{"href":"https:\/\/www.csgabriel.edu.ec\/en\/wp-json\/wp\/v2\/posts\/49678","targetHints":{"allow":["GET"]}}],"collection":[{"href":"https:\/\/www.csgabriel.edu.ec\/en\/wp-json\/wp\/v2\/posts"}],"about":[{"href":"https:\/\/www.csgabriel.edu.ec\/en\/wp-json\/wp\/v2\/types\/post"}],"author":[{"embeddable":true,"href":"https:\/\/www.csgabriel.edu.ec\/en\/wp-json\/wp\/v2\/users\/4"}],"replies":[{"embeddable":true,"href":"https:\/\/www.csgabriel.edu.ec\/en\/wp-json\/wp\/v2\/comments?post=49678"}],"version-history":[{"count":10,"href":"https:\/\/www.csgabriel.edu.ec\/en\/wp-json\/wp\/v2\/posts\/49678\/revisions"}],"predecessor-version":[{"id":50615,"href":"https:\/\/www.csgabriel.edu.ec\/en\/wp-json\/wp\/v2\/posts\/49678\/revisions\/50615"}],"wp:featuredmedia":[{"embeddable":true,"href":"https:\/\/www.csgabriel.edu.ec\/en\/wp-json\/wp\/v2\/media\/49717"}],"wp:attachment":[{"href":"https:\/\/www.csgabriel.edu.ec\/en\/wp-json\/wp\/v2\/media?parent=49678"}],"wp:term":[{"taxonomy":"category","embeddable":true,"href":"https:\/\/www.csgabriel.edu.ec\/en\/wp-json\/wp\/v2\/categories?post=49678"},{"taxonomy":"post_tag","embeddable":true,"href":"https:\/\/www.csgabriel.edu.ec\/en\/wp-json\/wp\/v2\/tags?post=49678"}],"curies":[{"name":"wp","href":"https:\/\/api.w.org\/{rel}","templated":true}]}}