{"id":51637,"date":"2026-04-27T10:55:39","date_gmt":"2026-04-27T15:55:39","guid":{"rendered":"https:\/\/www.csgabriel.edu.ec\/?p=51637"},"modified":"2026-04-27T10:56:23","modified_gmt":"2026-04-27T15:56:23","slug":"lectura-cultura-y-logros-deportivos-marcan-el-inicio-del-ultimo-parcial","status":"publish","type":"post","link":"https:\/\/www.csgabriel.edu.ec\/en\/lectura-cultura-y-logros-deportivos-marcan-el-inicio-del-ultimo-parcial\/","title":{"rendered":"Lectura, cultura y logros deportivos marcan el inicio del \u00faltimo parcial"},"content":{"rendered":"<div data-elementor-type=\"wp-post\" data-elementor-id=\"51637\" class=\"elementor elementor-51637\" data-elementor-settings=\"{&quot;ha_cmc_init_switcher&quot;:&quot;no&quot;}\" data-elementor-post-type=\"post\">\n\t\t\t\t<div class=\"elementor-element elementor-element-2348ecd9 e-flex e-con-boxed e-con e-parent\" data-id=\"2348ecd9\" data-element_type=\"container\" data-e-type=\"container\" data-settings=\"{&quot;background_background&quot;:&quot;classic&quot;,&quot;_ha_eqh_enable&quot;:false}\">\n\t\t\t\t\t<div class=\"e-con-inner\">\n\t\t\t\t<div class=\"elementor-element elementor-element-30fabd6e elementor-widget elementor-widget-spacer\" data-id=\"30fabd6e\" data-element_type=\"widget\" data-e-type=\"widget\" data-widget_type=\"spacer.default\">\n\t\t\t\t<div class=\"elementor-widget-container\">\n\t\t\t\t\t\t\t<div class=\"elementor-spacer\">\n\t\t\t<div class=\"elementor-spacer-inner\"><\/div>\n\t\t<\/div>\n\t\t\t\t\t\t<\/div>\n\t\t\t\t<\/div>\n\t\t\t\t\t<\/div>\n\t\t\t\t<\/div>\n\t\t<div class=\"elementor-element elementor-element-6249160b e-con-full e-flex e-con e-parent\" data-id=\"6249160b\" data-element_type=\"container\" data-e-type=\"container\" data-settings=\"{&quot;_ha_eqh_enable&quot;:false}\">\n\t\t\t\t<div class=\"elementor-element elementor-element-46cffbd6 elementor-widget__width-inherit elementor-widget elementor-widget-hfe-breadcrumbs-widget\" data-id=\"46cffbd6\" data-element_type=\"widget\" data-e-type=\"widget\" data-widget_type=\"hfe-breadcrumbs-widget.default\">\n\t\t\t\t<div class=\"elementor-widget-container\">\n\t\t\t\t\t<nav aria-label=\"Breadcrumb\"><ul class=\"hfe-breadcrumbs hfe-breadcrumbs-show-home\"><li class=\"hfe-breadcrumbs-item hfe-breadcrumbs-first\"><span class=\"hfe-breadcrumbs-home-icon\"><\/span><a href=\"https:\/\/www.csgabriel.edu.ec\/en\"><span class=\"hfe-breadcrumbs-text\">Home<\/span><\/a><\/li><\/ul><\/nav>\t\t\t\t<\/div>\n\t\t\t\t<\/div>\n\t\t\t\t<\/div>\n\t\t<div class=\"elementor-element elementor-element-1c1ee72a e-con-full e-flex e-con e-parent\" data-id=\"1c1ee72a\" data-element_type=\"container\" data-e-type=\"container\" data-settings=\"{&quot;_ha_eqh_enable&quot;:false}\">\n\t\t\t\t<div class=\"elementor-element elementor-element-49f3ecb9 elementor-widget elementor-widget-heading\" data-id=\"49f3ecb9\" data-element_type=\"widget\" data-e-type=\"widget\" data-widget_type=\"heading.default\">\n\t\t\t\t<div class=\"elementor-widget-container\">\n\t\t\t\t\t<h2 class=\"elementor-heading-title elementor-size-default\">Lectura, cultura y logros deportivos marcan el inicio del \u00faltimo parcial\n<\/h2>\t\t\t\t<\/div>\n\t\t\t\t<\/div>\n\t\t\t\t<div class=\"elementor-element elementor-element-700770e0 elementor-widget-divider--view-line elementor-widget elementor-widget-divider\" data-id=\"700770e0\" data-element_type=\"widget\" data-e-type=\"widget\" data-widget_type=\"divider.default\">\n\t\t\t\t<div class=\"elementor-widget-container\">\n\t\t\t\t\t\t\t<div class=\"elementor-divider\">\n\t\t\t<span class=\"elementor-divider-separator\">\n\t\t\t\t\t\t<\/span>\n\t\t<\/div>\n\t\t\t\t\t\t<\/div>\n\t\t\t\t<\/div>\n\t\t\t\t<div class=\"elementor-element elementor-element-6473e3bc elementor-widget elementor-widget-text-editor\" data-id=\"6473e3bc\" data-element_type=\"widget\" data-e-type=\"widget\" data-widget_type=\"text-editor.default\">\n\t\t\t\t<div class=\"elementor-widget-container\">\n\t\t\t\t\t\t\t\t\t<p><span style=\"font-weight: 400;\">El lunes 27 de abril de 2026, los estudiantes de los distintos niveles del plantel participaron en el Acto C\u00edvico conmemorativo por el D\u00eda del Libro y la Lectura. Durante la jornada, los estudiantes de B\u00e1sica Elemental y Media recordaron a diversos autores ecuatorianos, mientras que los de B\u00e1sica Superior y Bachillerato motivaron a sus docentes a compartir el impacto que la literatura ha tenido en sus estudiantes, evidenciado en sus resultados, intereses y formas de comprender el mundo.<\/span><\/p><p><span style=\"font-weight: 400;\">Adem\u00e1s, se inform\u00f3 a la comunidad educativa sobre la construcci\u00f3n del nuevo Museo Nacional, ubicado en las cercan\u00edas del Parque La Carolina, lo que representa un nuevo espacio para el acceso a la educaci\u00f3n y la historia en la ciudad y el pa\u00eds.<\/span><\/p><p><span style=\"font-weight: 400;\">En el mismo acto, el \u00e1rea de Deportes realiz\u00f3 la entrega de diplomas y trofeos a los equipos destacados en disciplinas como b\u00e1squet, v\u00f3ley, nataci\u00f3n y f\u00fatbol, en reconocimiento a su participaci\u00f3n en diversos eventos deportivos.<\/span><\/p><p><span style=\"font-weight: 400;\">As\u00ed, la comunidad educativa inicia con entusiasmo y compromiso la primera semana del \u00faltimo parcial del presente a\u00f1o lectivo.<\/span><\/p>\t\t\t\t\t\t\t\t<\/div>\n\t\t\t\t<\/div>\n\t\t\t\t<div class=\"elementor-element elementor-element-3f140fbd elementor-widget elementor-widget-gallery\" data-id=\"3f140fbd\" data-element_type=\"widget\" data-e-type=\"widget\" data-settings=\"{&quot;columns&quot;:3,&quot;gap&quot;:{&quot;unit&quot;:&quot;px&quot;,&quot;size&quot;:8,&quot;sizes&quot;:[]},&quot;aspect_ratio&quot;:&quot;16:9&quot;,&quot;lazyload&quot;:&quot;yes&quot;,&quot;gallery_layout&quot;:&quot;grid&quot;,&quot;columns_tablet&quot;:2,&quot;columns_mobile&quot;:1,&quot;gap_widescreen&quot;:{&quot;unit&quot;:&quot;px&quot;,&quot;size&quot;:&quot;&quot;,&quot;sizes&quot;:[]},&quot;gap_laptop&quot;:{&quot;unit&quot;:&quot;px&quot;,&quot;size&quot;:10,&quot;sizes&quot;:[]},&quot;gap_tablet_extra&quot;:{&quot;unit&quot;:&quot;px&quot;,&quot;size&quot;:10,&quot;sizes&quot;:[]},&quot;gap_tablet&quot;:{&quot;unit&quot;:&quot;px&quot;,&quot;size&quot;:10,&quot;sizes&quot;:[]},&quot;gap_mobile_extra&quot;:{&quot;unit&quot;:&quot;px&quot;,&quot;size&quot;:10,&quot;sizes&quot;:[]},&quot;gap_mobile&quot;:{&quot;unit&quot;:&quot;px&quot;,&quot;size&quot;:10,&quot;sizes&quot;:[]},&quot;link_to&quot;:&quot;file&quot;,&quot;overlay_background&quot;:&quot;yes&quot;,&quot;content_hover_animation&quot;:&quot;fade-in&quot;}\" data-widget_type=\"gallery.default\">\n\t\t\t\t<div class=\"elementor-widget-container\">\n\t\t\t\t\t\t\t<div class=\"elementor-gallery__container\">\n\t\t\t\t\t\t\t<a class=\"e-gallery-item elementor-gallery-item elementor-animated-content\" href=\"https:\/\/www.csgabriel.edu.ec\/wp-content\/uploads\/2026\/04\/01.ActoCivicoDiadelLibro.png\" data-elementor-open-lightbox=\"yes\" data-elementor-lightbox-slideshow=\"3f140fbd\" data-elementor-lightbox-title=\"01.ActoC\u00edvicoD\u00edadelLibro\" data-e-action-hash=\"#elementor-action%3Aaction%3Dlightbox%26settings%3DeyJpZCI6NTE2MzgsInVybCI6Imh0dHBzOlwvXC93d3cuY3NnYWJyaWVsLmVkdS5lY1wvd3AtY29udGVudFwvdXBsb2Fkc1wvMjAyNlwvMDRcLzAxLkFjdG9DaXZpY29EaWFkZWxMaWJyby5wbmciLCJzbGlkZXNob3ciOiIzZjE0MGZiZCJ9\">\n\t\t\t\t\t<div class=\"e-gallery-image elementor-gallery-item__image\" data-thumbnail=\"https:\/\/www.csgabriel.edu.ec\/wp-content\/uploads\/2026\/04\/01.ActoCivicoDiadelLibro.png\" data-width=\"1620\" data-height=\"1080\" aria-label=\"\" role=\"img\" ><\/div>\n\t\t\t\t\t\t\t\t\t\t\t<div class=\"elementor-gallery-item__overlay\"><\/div>\n\t\t\t\t\t\t\t\t\t\t\t\t\t\t<\/a>\n\t\t\t\t\t\t\t<a class=\"e-gallery-item elementor-gallery-item elementor-animated-content\" href=\"https:\/\/www.csgabriel.edu.ec\/wp-content\/uploads\/2026\/04\/06.ActoCivicoDiadelLibro.png\" data-elementor-open-lightbox=\"yes\" data-elementor-lightbox-slideshow=\"3f140fbd\" data-elementor-lightbox-title=\"06.ActoC\u00edvicoD\u00edadelLibro\" data-e-action-hash=\"#elementor-action%3Aaction%3Dlightbox%26settings%3DeyJpZCI6NTE2MzksInVybCI6Imh0dHBzOlwvXC93d3cuY3NnYWJyaWVsLmVkdS5lY1wvd3AtY29udGVudFwvdXBsb2Fkc1wvMjAyNlwvMDRcLzA2LkFjdG9DaXZpY29EaWFkZWxMaWJyby5wbmciLCJzbGlkZXNob3ciOiIzZjE0MGZiZCJ9\">\n\t\t\t\t\t<div class=\"e-gallery-image elementor-gallery-item__image\" data-thumbnail=\"https:\/\/www.csgabriel.edu.ec\/wp-content\/uploads\/2026\/04\/06.ActoCivicoDiadelLibro.png\" data-width=\"1620\" data-height=\"1080\" aria-label=\"\" role=\"img\" ><\/div>\n\t\t\t\t\t\t\t\t\t\t\t<div class=\"elementor-gallery-item__overlay\"><\/div>\n\t\t\t\t\t\t\t\t\t\t\t\t\t\t<\/a>\n\t\t\t\t\t\t\t<a class=\"e-gallery-item elementor-gallery-item elementor-animated-content\" href=\"https:\/\/www.csgabriel.edu.ec\/wp-content\/uploads\/2026\/04\/12.ActoCivicoDiadelLibro.png\" data-elementor-open-lightbox=\"yes\" data-elementor-lightbox-slideshow=\"3f140fbd\" data-elementor-lightbox-title=\"12.ActoC\u00edvicoD\u00edadelLibro\" data-e-action-hash=\"#elementor-action%3Aaction%3Dlightbox%26settings%3DeyJpZCI6NTE2NDAsInVybCI6Imh0dHBzOlwvXC93d3cuY3NnYWJyaWVsLmVkdS5lY1wvd3AtY29udGVudFwvdXBsb2Fkc1wvMjAyNlwvMDRcLzEyLkFjdG9DaXZpY29EaWFkZWxMaWJyby5wbmciLCJzbGlkZXNob3ciOiIzZjE0MGZiZCJ9\">\n\t\t\t\t\t<div class=\"e-gallery-image elementor-gallery-item__image\" data-thumbnail=\"https:\/\/www.csgabriel.edu.ec\/wp-content\/uploads\/2026\/04\/12.ActoCivicoDiadelLibro.png\" data-width=\"1620\" data-height=\"1080\" aria-label=\"\" role=\"img\" ><\/div>\n\t\t\t\t\t\t\t\t\t\t\t<div class=\"elementor-gallery-item__overlay\"><\/div>\n\t\t\t\t\t\t\t\t\t\t\t\t\t\t<\/a>\n\t\t\t\t\t<\/div>\n\t\t\t\t\t<\/div>\n\t\t\t\t<\/div>\n\t\t\t\t<\/div>\n\t\t<div class=\"elementor-element elementor-element-1b54a5e1 e-con-full e-flex e-con e-parent\" data-id=\"1b54a5e1\" data-element_type=\"container\" data-e-type=\"container\" data-settings=\"{&quot;_ha_eqh_enable&quot;:false}\">\n\t\t\t\t<div class=\"elementor-element elementor-element-6885a588 elementor-widget elementor-widget-heading\" data-id=\"6885a588\" data-element_type=\"widget\" data-e-type=\"widget\" data-widget_type=\"heading.default\">\n\t\t\t\t<div class=\"elementor-widget-container\">\n\t\t\t\t\t<h2 class=\"elementor-heading-title elementor-size-default\">Tambi\u00e9n te puede interesar...<\/h2>\t\t\t\t<\/div>\n\t\t\t\t<\/div>\n\t\t\t\t<div class=\"elementor-element elementor-element-5d8933fb elementor-grid-3 elementor-grid-tablet-2 elementor-grid-mobile-1 elementor-posts--thumbnail-top elementor-posts--show-avatar elementor-card-shadow-yes elementor-posts__hover-gradient elementor-widget elementor-widget-posts\" data-id=\"5d8933fb\" data-element_type=\"widget\" data-e-type=\"widget\" data-settings=\"{&quot;pagination_type&quot;:&quot;numbers_and_prev_next&quot;,&quot;cards_columns&quot;:&quot;3&quot;,&quot;cards_columns_tablet&quot;:&quot;2&quot;,&quot;cards_columns_mobile&quot;:&quot;1&quot;,&quot;cards_row_gap&quot;:{&quot;unit&quot;:&quot;px&quot;,&quot;size&quot;:35,&quot;sizes&quot;:[]},&quot;cards_row_gap_widescreen&quot;:{&quot;unit&quot;:&quot;px&quot;,&quot;size&quot;:&quot;&quot;,&quot;sizes&quot;:[]},&quot;cards_row_gap_laptop&quot;:{&quot;unit&quot;:&quot;px&quot;,&quot;size&quot;:&quot;&quot;,&quot;sizes&quot;:[]},&quot;cards_row_gap_tablet_extra&quot;:{&quot;unit&quot;:&quot;px&quot;,&quot;size&quot;:&quot;&quot;,&quot;sizes&quot;:[]},&quot;cards_row_gap_tablet&quot;:{&quot;unit&quot;:&quot;px&quot;,&quot;size&quot;:&quot;&quot;,&quot;sizes&quot;:[]},&quot;cards_row_gap_mobile_extra&quot;:{&quot;unit&quot;:&quot;px&quot;,&quot;size&quot;:&quot;&quot;,&quot;sizes&quot;:[]},&quot;cards_row_gap_mobile&quot;:{&quot;unit&quot;:&quot;px&quot;,&quot;size&quot;:&quot;&quot;,&quot;sizes&quot;:[]}}\" data-widget_type=\"posts.cards\">\n\t\t\t\t<div class=\"elementor-widget-container\">\n\t\t\t\t\t\t\t<div class=\"elementor-posts-container elementor-posts elementor-posts--skin-cards elementor-grid\" role=\"list\">\n\t\t\t\t<article class=\"elementor-post elementor-grid-item post-51597 post type-post status-publish format-standard has-post-thumbnail hentry category-convivencia-e-identidad tag-120-anos tag-colegio-san-gabriel-quito tag-fiestas-patronales tag-formacion-ignaciana tag-formacion-integral tag-innovaccion-xxi tag-innovacion-educativa tag-interjesuitas tag-unidad-educativa-particular-san-gabriel\" role=\"listitem\">\n\t\t\t<div class=\"elementor-post__card\">\n\t\t\t\t<a class=\"elementor-post__thumbnail__link\" href=\"https:\/\/www.csgabriel.edu.ec\/en\/interjesuitas-2026-deporte-y-fraternidad\/\" tabindex=\"-1\" ><div class=\"elementor-post__thumbnail\"><img fetchpriority=\"high\" decoding=\"async\" width=\"300\" height=\"200\" src=\"https:\/\/www.csgabriel.edu.ec\/wp-content\/uploads\/2026\/04\/17.InauguracionInterjesuitas-300x200.png\" class=\"attachment-medium size-medium wp-image-51600\" alt=\"\" srcset=\"https:\/\/www.csgabriel.edu.ec\/wp-content\/uploads\/2026\/04\/17.InauguracionInterjesuitas-300x200.png 300w, https:\/\/www.csgabriel.edu.ec\/wp-content\/uploads\/2026\/04\/17.InauguracionInterjesuitas-1024x683.png 1024w, https:\/\/www.csgabriel.edu.ec\/wp-content\/uploads\/2026\/04\/17.InauguracionInterjesuitas-768x512.png 768w, https:\/\/www.csgabriel.edu.ec\/wp-content\/uploads\/2026\/04\/17.InauguracionInterjesuitas-1536x1024.png 1536w, https:\/\/www.csgabriel.edu.ec\/wp-content\/uploads\/2026\/04\/17.InauguracionInterjesuitas-18x12.png 18w, https:\/\/www.csgabriel.edu.ec\/wp-content\/uploads\/2026\/04\/17.InauguracionInterjesuitas.png 1620w\" sizes=\"(max-width: 300px) 100vw, 300px\" \/><\/div><\/a>\n\t\t\t\t<div class=\"elementor-post__badge\">Convivencia e identidad<\/div>\n\t\t\t\t<div class=\"elementor-post__avatar\">\n\t\t\t\t\t<\/div>\n\t\t\t\t<div class=\"elementor-post__text\">\n\t\t\t\t<h3 class=\"elementor-post__title\">\n\t\t\t<a href=\"https:\/\/www.csgabriel.edu.ec\/en\/interjesuitas-2026-deporte-y-fraternidad\/\" >\n\t\t\t\tInterjesuitas 2026: deporte y fraternidad\t\t\t<\/a>\n\t\t<\/h3>\n\t\t\t\t<div class=\"elementor-post__excerpt\">\n\t\t\t<p>Inicio Interjesuitas 2026: deporte y fraternidad El 21 de abril de 2026 se inaugur\u00f3 el campeonato Interjesuitas en la Unidad Educativa Particular San Gabriel, con<\/p>\n\t\t<\/div>\n\t\t\n\t\t<a class=\"elementor-post__read-more\" href=\"https:\/\/www.csgabriel.edu.ec\/en\/interjesuitas-2026-deporte-y-fraternidad\/\" aria-label=\"Read more about Interjesuitas 2026: deporte y fraternidad\" tabindex=\"-1\" >\n\t\t\tLeer m\u00e1s \u00bb\t\t<\/a>\n\n\t\t\t\t<\/div>\n\t\t\t\t<div class=\"elementor-post__meta-data\">\n\t\t\t\t\t<span class=\"elementor-post-date\">\n\t\t\t21 April, 2026\t\t<\/span>\n\t\t\t\t<span class=\"elementor-post-avatar\">\n\t\t\tNo Comments\t\t<\/span>\n\t\t\t\t<\/div>\n\t\t\t\t\t<\/div>\n\t\t<\/article>\n\t\t\t\t<article class=\"elementor-post elementor-grid-item post-51570 post type-post status-publish format-standard has-post-thumbnail hentry category-convivencia-e-identidad tag-120-anos tag-colegio-san-gabriel-quito tag-fiestas-patronales tag-formacion-ignaciana tag-formacion-integral tag-innovaccion-xxi tag-innovacion-educativa tag-unidad-educativa-particular-san-gabriel\" role=\"listitem\">\n\t\t\t<div class=\"elementor-post__card\">\n\t\t\t\t<a class=\"elementor-post__thumbnail__link\" href=\"https:\/\/www.csgabriel.edu.ec\/en\/120-anos-del-prodigio-sesion-solemne\/\" tabindex=\"-1\" ><div class=\"elementor-post__thumbnail\"><img decoding=\"async\" width=\"300\" height=\"200\" src=\"https:\/\/www.csgabriel.edu.ec\/wp-content\/uploads\/2026\/04\/03.SesionSolemne26-300x200.png\" class=\"attachment-medium size-medium wp-image-51571\" alt=\"\" srcset=\"https:\/\/www.csgabriel.edu.ec\/wp-content\/uploads\/2026\/04\/03.SesionSolemne26-300x200.png 300w, https:\/\/www.csgabriel.edu.ec\/wp-content\/uploads\/2026\/04\/03.SesionSolemne26-1024x683.png 1024w, https:\/\/www.csgabriel.edu.ec\/wp-content\/uploads\/2026\/04\/03.SesionSolemne26-768x512.png 768w, https:\/\/www.csgabriel.edu.ec\/wp-content\/uploads\/2026\/04\/03.SesionSolemne26-1536x1024.png 1536w, https:\/\/www.csgabriel.edu.ec\/wp-content\/uploads\/2026\/04\/03.SesionSolemne26-18x12.png 18w, https:\/\/www.csgabriel.edu.ec\/wp-content\/uploads\/2026\/04\/03.SesionSolemne26.png 1620w\" sizes=\"(max-width: 300px) 100vw, 300px\" \/><\/div><\/a>\n\t\t\t\t<div class=\"elementor-post__badge\">Convivencia e identidad<\/div>\n\t\t\t\t<div class=\"elementor-post__avatar\">\n\t\t\t\t\t<\/div>\n\t\t\t\t<div class=\"elementor-post__text\">\n\t\t\t\t<h3 class=\"elementor-post__title\">\n\t\t\t<a href=\"https:\/\/www.csgabriel.edu.ec\/en\/120-anos-del-prodigio-sesion-solemne\/\" >\n\t\t\t\t120 A\u00f1os del Prodigio: Sesi\u00f3n Solemne\t\t\t<\/a>\n\t\t<\/h3>\n\t\t\t\t<div class=\"elementor-post__excerpt\">\n\t\t\t<p>Inicio 120 A\u00f1os del Prodigio: Sesi\u00f3n Solemne El 16 de abril de 2026, en el Teatro San Gabriel, se dieron cita colaboradores, autoridades e invitados<\/p>\n\t\t<\/div>\n\t\t\n\t\t<a class=\"elementor-post__read-more\" href=\"https:\/\/www.csgabriel.edu.ec\/en\/120-anos-del-prodigio-sesion-solemne\/\" aria-label=\"Read more about 120 A\u00f1os del Prodigio: Sesi\u00f3n Solemne\" tabindex=\"-1\" >\n\t\t\tLeer m\u00e1s \u00bb\t\t<\/a>\n\n\t\t\t\t<\/div>\n\t\t\t\t<div class=\"elementor-post__meta-data\">\n\t\t\t\t\t<span class=\"elementor-post-date\">\n\t\t\t17 April, 2026\t\t<\/span>\n\t\t\t\t<span class=\"elementor-post-avatar\">\n\t\t\tNo Comments\t\t<\/span>\n\t\t\t\t<\/div>\n\t\t\t\t\t<\/div>\n\t\t<\/article>\n\t\t\t\t<article class=\"elementor-post elementor-grid-item post-51480 post type-post status-publish format-standard has-post-thumbnail hentry category-convivencia-e-identidad tag-120-anos tag-colegio-san-gabriel-quito tag-comunidad-educativa tag-fiestas-patronales tag-formacion-ignaciana tag-formacion-integral tag-innovaccion-xxi tag-innovacion-educativa tag-unidad-educativa-particular-san-gabriel tag-virgen-dolorosa\" role=\"listitem\">\n\t\t\t<div class=\"elementor-post__card\">\n\t\t\t\t<a class=\"elementor-post__thumbnail__link\" href=\"https:\/\/www.csgabriel.edu.ec\/en\/la-musica-inaugura-una-tradicion-viva\/\" tabindex=\"-1\" ><div class=\"elementor-post__thumbnail\"><img decoding=\"async\" width=\"300\" height=\"200\" src=\"https:\/\/www.csgabriel.edu.ec\/wp-content\/uploads\/2026\/04\/16.SerenataDolorosa26-300x200.png\" class=\"attachment-medium size-medium wp-image-51483\" alt=\"\" srcset=\"https:\/\/www.csgabriel.edu.ec\/wp-content\/uploads\/2026\/04\/16.SerenataDolorosa26-300x200.png 300w, https:\/\/www.csgabriel.edu.ec\/wp-content\/uploads\/2026\/04\/16.SerenataDolorosa26-1024x683.png 1024w, https:\/\/www.csgabriel.edu.ec\/wp-content\/uploads\/2026\/04\/16.SerenataDolorosa26-768x512.png 768w, https:\/\/www.csgabriel.edu.ec\/wp-content\/uploads\/2026\/04\/16.SerenataDolorosa26-1536x1024.png 1536w, https:\/\/www.csgabriel.edu.ec\/wp-content\/uploads\/2026\/04\/16.SerenataDolorosa26-18x12.png 18w, https:\/\/www.csgabriel.edu.ec\/wp-content\/uploads\/2026\/04\/16.SerenataDolorosa26.png 1620w\" sizes=\"(max-width: 300px) 100vw, 300px\" \/><\/div><\/a>\n\t\t\t\t<div class=\"elementor-post__badge\">Convivencia e identidad<\/div>\n\t\t\t\t<div class=\"elementor-post__avatar\">\n\t\t\t\t\t<\/div>\n\t\t\t\t<div class=\"elementor-post__text\">\n\t\t\t\t<h3 class=\"elementor-post__title\">\n\t\t\t<a href=\"https:\/\/www.csgabriel.edu.ec\/en\/la-musica-inaugura-una-tradicion-viva\/\" >\n\t\t\t\tLa m\u00fasica inaugura una tradici\u00f3n viva\t\t\t<\/a>\n\t\t<\/h3>\n\t\t\t\t<div class=\"elementor-post__excerpt\">\n\t\t\t<p>Inicio La m\u00fasica inaugura una tradici\u00f3n viva La tradicional serenata a la Virgen Dolorosa marc\u00f3 el inicio de las festividades por los 120 a\u00f1os del<\/p>\n\t\t<\/div>\n\t\t\n\t\t<a class=\"elementor-post__read-more\" href=\"https:\/\/www.csgabriel.edu.ec\/en\/la-musica-inaugura-una-tradicion-viva\/\" aria-label=\"Read more about La m\u00fasica inaugura una tradici\u00f3n viva\" tabindex=\"-1\" >\n\t\t\tLeer m\u00e1s \u00bb\t\t<\/a>\n\n\t\t\t\t<\/div>\n\t\t\t\t<div class=\"elementor-post__meta-data\">\n\t\t\t\t\t<span class=\"elementor-post-date\">\n\t\t\t9 April, 2026\t\t<\/span>\n\t\t\t\t<span class=\"elementor-post-avatar\">\n\t\t\tNo Comments\t\t<\/span>\n\t\t\t\t<\/div>\n\t\t\t\t\t<\/div>\n\t\t<\/article>\n\t\t\t\t<\/div>\n\t\t\n\t\t\t\t<div class=\"e-load-more-anchor\" data-page=\"1\" data-max-page=\"8\" data-next-page=\"https:\/\/www.csgabriel.edu.ec\/en\/wp-json\/wp\/v2\/posts\/51637\/page\/2\/\"><\/div>\n\t\t\t\t<nav class=\"elementor-pagination\" aria-label=\"Pagination\">\n\t\t\t<span class=\"page-numbers prev\">&laquo; Anterior<\/span>\n<span aria-current=\"page\" class=\"page-numbers current\"><span class=\"elementor-screen-only\">Page<\/span>1<\/span>\n<a class=\"page-numbers\" href=\"https:\/\/www.csgabriel.edu.ec\/en\/wp-json\/wp\/v2\/posts\/51637\/page\/2\/\"><span class=\"elementor-screen-only\">Page<\/span>2<\/a>\n<a class=\"page-numbers\" href=\"https:\/\/www.csgabriel.edu.ec\/en\/wp-json\/wp\/v2\/posts\/51637\/page\/3\/\"><span class=\"elementor-screen-only\">Page<\/span>3<\/a>\n<a class=\"page-numbers\" href=\"https:\/\/www.csgabriel.edu.ec\/en\/wp-json\/wp\/v2\/posts\/51637\/page\/4\/\"><span class=\"elementor-screen-only\">Page<\/span>4<\/a>\n<a class=\"page-numbers\" href=\"https:\/\/www.csgabriel.edu.ec\/en\/wp-json\/wp\/v2\/posts\/51637\/page\/5\/\"><span class=\"elementor-screen-only\">Page<\/span>5<\/a>\n<a class=\"page-numbers next\" href=\"https:\/\/www.csgabriel.edu.ec\/en\/wp-json\/wp\/v2\/posts\/51637\/page\/2\/\">Siguiente &raquo;<\/a>\t\t<\/nav>\n\t\t\t\t\t\t<\/div>\n\t\t\t\t<\/div>\n\t\t\t\t<\/div>\n\t\t\t\t<\/div>","protected":false},"excerpt":{"rendered":"<p>Inicio Lectura, cultura y logros deportivos marcan el inicio del \u00faltimo parcial El lunes 27 de abril de 2026, los estudiantes de los distintos niveles del plantel participaron en el Acto C\u00edvico conmemorativo por el D\u00eda del Libro y la Lectura. Durante la jornada, los estudiantes de B\u00e1sica Elemental y Media recordaron a diversos autores [&hellip;]<\/p>\n","protected":false},"author":4,"featured_media":51638,"comment_status":"closed","ping_status":"","sticky":false,"template":"","format":"standard","meta":{"footnotes":""},"categories":[43],"tags":[567,519,522,568,524,520,525,521,523],"class_list":["post-51637","post","type-post","status-publish","format-standard","has-post-thumbnail","hentry","category-transformacion-pedagogica","tag-acto-civico","tag-colegio-san-gabriel-quito","tag-comunidad-educativa","tag-dia-del-libro","tag-formacion-ignaciana","tag-formacion-integral","tag-innovaccion-xxi","tag-innovacion-educativa","tag-unidad-educativa-particular-san-gabriel"],"_links":{"self":[{"href":"https:\/\/www.csgabriel.edu.ec\/en\/wp-json\/wp\/v2\/posts\/51637","targetHints":{"allow":["GET"]}}],"collection":[{"href":"https:\/\/www.csgabriel.edu.ec\/en\/wp-json\/wp\/v2\/posts"}],"about":[{"href":"https:\/\/www.csgabriel.edu.ec\/en\/wp-json\/wp\/v2\/types\/post"}],"author":[{"embeddable":true,"href":"https:\/\/www.csgabriel.edu.ec\/en\/wp-json\/wp\/v2\/users\/4"}],"replies":[{"embeddable":true,"href":"https:\/\/www.csgabriel.edu.ec\/en\/wp-json\/wp\/v2\/comments?post=51637"}],"version-history":[{"count":4,"href":"https:\/\/www.csgabriel.edu.ec\/en\/wp-json\/wp\/v2\/posts\/51637\/revisions"}],"predecessor-version":[{"id":51644,"href":"https:\/\/www.csgabriel.edu.ec\/en\/wp-json\/wp\/v2\/posts\/51637\/revisions\/51644"}],"wp:featuredmedia":[{"embeddable":true,"href":"https:\/\/www.csgabriel.edu.ec\/en\/wp-json\/wp\/v2\/media\/51638"}],"wp:attachment":[{"href":"https:\/\/www.csgabriel.edu.ec\/en\/wp-json\/wp\/v2\/media?parent=51637"}],"wp:term":[{"taxonomy":"category","embeddable":true,"href":"https:\/\/www.csgabriel.edu.ec\/en\/wp-json\/wp\/v2\/categories?post=51637"},{"taxonomy":"post_tag","embeddable":true,"href":"https:\/\/www.csgabriel.edu.ec\/en\/wp-json\/wp\/v2\/tags?post=51637"}],"curies":[{"name":"wp","href":"https:\/\/api.w.org\/{rel}","templated":true}]}}