{"id":52193,"date":"2026-09-03T08:52:42","date_gmt":"2026-09-03T13:52:42","guid":{"rendered":"https:\/\/www.csgabriel.edu.ec\/?p=52193"},"modified":"2026-09-03T08:54:08","modified_gmt":"2026-09-03T13:54:08","slug":"el-san-gabriel-dio-la-bienvenida-a-sus-estudiantes-de-inicial-y-bachillerato","status":"publish","type":"post","link":"https:\/\/www.csgabriel.edu.ec\/en\/el-san-gabriel-dio-la-bienvenida-a-sus-estudiantes-de-inicial-y-bachillerato\/","title":{"rendered":"El San Gabriel dio la bienvenida a sus estudiantes de Inicial y Bachillerato"},"content":{"rendered":"<div data-elementor-type=\"wp-post\" data-elementor-id=\"52193\" class=\"elementor elementor-52193\" data-elementor-settings=\"{&quot;ha_cmc_init_switcher&quot;:&quot;no&quot;}\" data-elementor-post-type=\"post\">\n\t\t\t\t<div class=\"elementor-element elementor-element-3c27d97b e-flex e-con-boxed e-con e-parent\" data-id=\"3c27d97b\" data-element_type=\"container\" data-e-type=\"container\" data-settings=\"{&quot;background_background&quot;:&quot;classic&quot;,&quot;_ha_eqh_enable&quot;:false}\">\n\t\t\t\t\t<div class=\"e-con-inner\">\n\t\t\t\t<div class=\"elementor-element elementor-element-80a3f9a elementor-widget elementor-widget-spacer\" data-id=\"80a3f9a\" data-element_type=\"widget\" data-e-type=\"widget\" data-widget_type=\"spacer.default\">\n\t\t\t\t<div class=\"elementor-widget-container\">\n\t\t\t\t\t\t\t<div class=\"elementor-spacer\">\n\t\t\t<div class=\"elementor-spacer-inner\"><\/div>\n\t\t<\/div>\n\t\t\t\t\t\t<\/div>\n\t\t\t\t<\/div>\n\t\t\t\t\t<\/div>\n\t\t\t\t<\/div>\n\t\t<div class=\"elementor-element elementor-element-61de5bd5 e-con-full e-flex e-con e-parent\" data-id=\"61de5bd5\" data-element_type=\"container\" data-e-type=\"container\" data-settings=\"{&quot;_ha_eqh_enable&quot;:false}\">\n\t\t\t\t<div class=\"elementor-element elementor-element-5a553365 elementor-widget__width-inherit elementor-widget elementor-widget-hfe-breadcrumbs-widget\" data-id=\"5a553365\" data-element_type=\"widget\" data-e-type=\"widget\" data-widget_type=\"hfe-breadcrumbs-widget.default\">\n\t\t\t\t<div class=\"elementor-widget-container\">\n\t\t\t\t\t<nav aria-label=\"Breadcrumb\"><ul class=\"hfe-breadcrumbs hfe-breadcrumbs-show-home\"><li class=\"hfe-breadcrumbs-item hfe-breadcrumbs-first\"><span class=\"hfe-breadcrumbs-home-icon\"><\/span><a href=\"https:\/\/www.csgabriel.edu.ec\/en\"><span class=\"hfe-breadcrumbs-text\">Home<\/span><\/a><\/li><\/ul><\/nav>\t\t\t\t<\/div>\n\t\t\t\t<\/div>\n\t\t\t\t<\/div>\n\t\t<div class=\"elementor-element elementor-element-590aa674 e-con-full e-flex e-con e-parent\" data-id=\"590aa674\" data-element_type=\"container\" data-e-type=\"container\" data-settings=\"{&quot;_ha_eqh_enable&quot;:false}\">\n\t\t\t\t<div class=\"elementor-element elementor-element-974ec93 elementor-widget elementor-widget-heading\" data-id=\"974ec93\" data-element_type=\"widget\" data-e-type=\"widget\" data-widget_type=\"heading.default\">\n\t\t\t\t<div class=\"elementor-widget-container\">\n\t\t\t\t\t<h2 class=\"elementor-heading-title elementor-size-default\">El San Gabriel dio la bienvenida a sus estudiantes de Inicial y Bachillerato\n<\/h2>\t\t\t\t<\/div>\n\t\t\t\t<\/div>\n\t\t\t\t<div class=\"elementor-element elementor-element-54ffd119 elementor-widget-divider--view-line elementor-widget elementor-widget-divider\" data-id=\"54ffd119\" data-element_type=\"widget\" data-e-type=\"widget\" data-widget_type=\"divider.default\">\n\t\t\t\t<div class=\"elementor-widget-container\">\n\t\t\t\t\t\t\t<div class=\"elementor-divider\">\n\t\t\t<span class=\"elementor-divider-separator\">\n\t\t\t\t\t\t<\/span>\n\t\t<\/div>\n\t\t\t\t\t\t<\/div>\n\t\t\t\t<\/div>\n\t\t\t\t<div class=\"elementor-element elementor-element-2a44687f elementor-widget elementor-widget-text-editor\" data-id=\"2a44687f\" data-element_type=\"widget\" data-e-type=\"widget\" data-widget_type=\"text-editor.default\">\n\t\t\t\t<div class=\"elementor-widget-container\">\n\t\t\t\t\t\t\t\t\t<p><span style=\"font-weight: 400;\">Con entusiasmo, alegr\u00eda y el esp\u00edritu que caracteriza a nuestra comunidad educativa, la Unidad Educativa Particular San Gabriel recibi\u00f3 a sus estudiantes de Inicial y Bachillerato, marcando as\u00ed el comienzo de una nueva etapa de aprendizajes, encuentros y crecimiento durante el a\u00f1o lectivo 2026-2027.<\/span><\/p>\n<p><span style=\"font-weight: 400;\">Desde las primeras horas de la jornada, nuestros espacios volvieron a llenarse de vida con el regreso de los estudiantes. Para algunos, especialmente quienes comienzan su experiencia en Inicial, este d\u00eda represent\u00f3 el inicio de un camino lleno de descubrimientos y nuevas experiencias; mientras que para nuestros j\u00f3venes de Bachillerato signific\u00f3 reencontrarse con sus compa\u00f1eros, docentes y con una comunidad que los acompa\u00f1a en una etapa fundamental de su formaci\u00f3n acad\u00e9mica y personal.<\/span><\/p>\n<p><span style=\"font-weight: 400;\">Este nuevo comienzo constituye tambi\u00e9n una oportunidad para renovar nuestro compromiso con una educaci\u00f3n integral inspirada en la espiritualidad ignaciana, en la que el conocimiento se complementa con la formaci\u00f3n humana, el servicio, la solidaridad y la capacidad de reconocer y responder a las necesidades de los dem\u00e1s.<\/span><\/p>\n<p><span style=\"font-weight: 400;\">Como comunidad gabrielina, queremos que cada estudiante encuentre en el colegio un espacio para desarrollar sus capacidades, descubrir nuevos talentos, plantearse desaf\u00edos y comprender que la excelencia adquiere verdadero sentido cuando se pone al servicio de los dem\u00e1s.<\/span><\/p>\n<p><span style=\"font-weight: 400;\">Ponemos este nuevo camino bajo la protecci\u00f3n de la Madre Dolorosa, patrona de nuestra instituci\u00f3n, para que acompa\u00f1e a nuestros estudiantes, familias, docentes y colaboradores durante cada momento de este nuevo periodo acad\u00e9mico.<\/span><\/p>\n<p><span style=\"font-weight: 400;\">Con mucha ilusi\u00f3n comenzamos una nueva historia juntos.<\/span><\/p>\t\t\t\t\t\t\t\t<\/div>\n\t\t\t\t<\/div>\n\t\t\t\t<div class=\"elementor-element elementor-element-44a64198 elementor-widget elementor-widget-gallery\" data-id=\"44a64198\" data-element_type=\"widget\" data-e-type=\"widget\" data-settings=\"{&quot;columns&quot;:3,&quot;gap&quot;:{&quot;unit&quot;:&quot;px&quot;,&quot;size&quot;:8,&quot;sizes&quot;:[]},&quot;aspect_ratio&quot;:&quot;16:9&quot;,&quot;lazyload&quot;:&quot;yes&quot;,&quot;gallery_layout&quot;:&quot;grid&quot;,&quot;columns_tablet&quot;:2,&quot;columns_mobile&quot;:1,&quot;gap_widescreen&quot;:{&quot;unit&quot;:&quot;px&quot;,&quot;size&quot;:&quot;&quot;,&quot;sizes&quot;:[]},&quot;gap_laptop&quot;:{&quot;unit&quot;:&quot;px&quot;,&quot;size&quot;:10,&quot;sizes&quot;:[]},&quot;gap_tablet_extra&quot;:{&quot;unit&quot;:&quot;px&quot;,&quot;size&quot;:10,&quot;sizes&quot;:[]},&quot;gap_tablet&quot;:{&quot;unit&quot;:&quot;px&quot;,&quot;size&quot;:10,&quot;sizes&quot;:[]},&quot;gap_mobile_extra&quot;:{&quot;unit&quot;:&quot;px&quot;,&quot;size&quot;:10,&quot;sizes&quot;:[]},&quot;gap_mobile&quot;:{&quot;unit&quot;:&quot;px&quot;,&quot;size&quot;:10,&quot;sizes&quot;:[]},&quot;link_to&quot;:&quot;file&quot;,&quot;overlay_background&quot;:&quot;yes&quot;,&quot;content_hover_animation&quot;:&quot;fade-in&quot;}\" data-widget_type=\"gallery.default\">\n\t\t\t\t<div class=\"elementor-widget-container\">\n\t\t\t\t\t\t\t<div class=\"elementor-gallery__container\">\n\t\t\t\t\t\t\t<a class=\"e-gallery-item elementor-gallery-item elementor-animated-content\" href=\"https:\/\/www.csgabriel.edu.ec\/wp-content\/uploads\/2026\/09\/60e9e6a6-376a-400f-8de4-5685feb04b16-scaled.jpg\" data-elementor-open-lightbox=\"yes\" data-elementor-lightbox-slideshow=\"44a64198\" data-elementor-lightbox-title=\"60e9e6a6-376a-400f-8de4-5685feb04b16\" data-e-action-hash=\"#elementor-action%3Aaction%3Dlightbox%26settings%3DeyJpZCI6NTIxOTUsInVybCI6Imh0dHBzOlwvXC93d3cuY3NnYWJyaWVsLmVkdS5lY1wvd3AtY29udGVudFwvdXBsb2Fkc1wvMjAyNlwvMDlcLzYwZTllNmE2LTM3NmEtNDAwZi04ZGU0LTU2ODVmZWIwNGIxNi1zY2FsZWQuanBnIiwic2xpZGVzaG93IjoiNDRhNjQxOTgifQ%3D%3D\">\n\t\t\t\t\t<div class=\"e-gallery-image elementor-gallery-item__image\" data-thumbnail=\"https:\/\/www.csgabriel.edu.ec\/wp-content\/uploads\/2026\/09\/60e9e6a6-376a-400f-8de4-5685feb04b16-scaled.jpg\" data-width=\"2560\" data-height=\"1707\" aria-label=\"\" role=\"img\" ><\/div>\n\t\t\t\t\t\t\t\t\t\t\t<div class=\"elementor-gallery-item__overlay\"><\/div>\n\t\t\t\t\t\t\t\t\t\t\t\t\t\t<\/a>\n\t\t\t\t\t\t\t<a class=\"e-gallery-item elementor-gallery-item elementor-animated-content\" href=\"https:\/\/www.csgabriel.edu.ec\/wp-content\/uploads\/2026\/09\/8968aec5-b426-48ba-aa44-bccdb6bfd8f9-scaled.jpg\" data-elementor-open-lightbox=\"yes\" data-elementor-lightbox-slideshow=\"44a64198\" data-elementor-lightbox-title=\"8968aec5-b426-48ba-aa44-bccdb6bfd8f9\" data-e-action-hash=\"#elementor-action%3Aaction%3Dlightbox%26settings%3DeyJpZCI6NTIxOTYsInVybCI6Imh0dHBzOlwvXC93d3cuY3NnYWJyaWVsLmVkdS5lY1wvd3AtY29udGVudFwvdXBsb2Fkc1wvMjAyNlwvMDlcLzg5NjhhZWM1LWI0MjYtNDhiYS1hYTQ0LWJjY2RiNmJmZDhmOS1zY2FsZWQuanBnIiwic2xpZGVzaG93IjoiNDRhNjQxOTgifQ%3D%3D\">\n\t\t\t\t\t<div class=\"e-gallery-image elementor-gallery-item__image\" data-thumbnail=\"https:\/\/www.csgabriel.edu.ec\/wp-content\/uploads\/2026\/09\/8968aec5-b426-48ba-aa44-bccdb6bfd8f9-scaled.jpg\" data-width=\"2560\" data-height=\"1707\" aria-label=\"\" role=\"img\" ><\/div>\n\t\t\t\t\t\t\t\t\t\t\t<div class=\"elementor-gallery-item__overlay\"><\/div>\n\t\t\t\t\t\t\t\t\t\t\t\t\t\t<\/a>\n\t\t\t\t\t\t\t<a class=\"e-gallery-item elementor-gallery-item elementor-animated-content\" href=\"https:\/\/www.csgabriel.edu.ec\/wp-content\/uploads\/2026\/09\/471332d4-036a-41c7-99be-3325c24125a2-scaled.jpg\" data-elementor-open-lightbox=\"yes\" data-elementor-lightbox-slideshow=\"44a64198\" data-elementor-lightbox-title=\"471332d4-036a-41c7-99be-3325c24125a2\" data-e-action-hash=\"#elementor-action%3Aaction%3Dlightbox%26settings%3DeyJpZCI6NTIxOTcsInVybCI6Imh0dHBzOlwvXC93d3cuY3NnYWJyaWVsLmVkdS5lY1wvd3AtY29udGVudFwvdXBsb2Fkc1wvMjAyNlwvMDlcLzQ3MTMzMmQ0LTAzNmEtNDFjNy05OWJlLTMzMjVjMjQxMjVhMi1zY2FsZWQuanBnIiwic2xpZGVzaG93IjoiNDRhNjQxOTgifQ%3D%3D\">\n\t\t\t\t\t<div class=\"e-gallery-image elementor-gallery-item__image\" data-thumbnail=\"https:\/\/www.csgabriel.edu.ec\/wp-content\/uploads\/2026\/09\/471332d4-036a-41c7-99be-3325c24125a2-scaled.jpg\" data-width=\"2560\" data-height=\"1885\" aria-label=\"\" role=\"img\" ><\/div>\n\t\t\t\t\t\t\t\t\t\t\t<div class=\"elementor-gallery-item__overlay\"><\/div>\n\t\t\t\t\t\t\t\t\t\t\t\t\t\t<\/a>\n\t\t\t\t\t\t\t<a class=\"e-gallery-item elementor-gallery-item elementor-animated-content\" href=\"https:\/\/www.csgabriel.edu.ec\/wp-content\/uploads\/2026\/09\/ac548f4e-bf34-457e-b335-4d3b42e8f787-scaled.jpg\" data-elementor-open-lightbox=\"yes\" data-elementor-lightbox-slideshow=\"44a64198\" data-elementor-lightbox-title=\"ac548f4e-bf34-457e-b335-4d3b42e8f787\" data-e-action-hash=\"#elementor-action%3Aaction%3Dlightbox%26settings%3DeyJpZCI6NTIxOTgsInVybCI6Imh0dHBzOlwvXC93d3cuY3NnYWJyaWVsLmVkdS5lY1wvd3AtY29udGVudFwvdXBsb2Fkc1wvMjAyNlwvMDlcL2FjNTQ4ZjRlLWJmMzQtNDU3ZS1iMzM1LTRkM2I0MmU4Zjc4Ny1zY2FsZWQuanBnIiwic2xpZGVzaG93IjoiNDRhNjQxOTgifQ%3D%3D\">\n\t\t\t\t\t<div class=\"e-gallery-image elementor-gallery-item__image\" data-thumbnail=\"https:\/\/www.csgabriel.edu.ec\/wp-content\/uploads\/2026\/09\/ac548f4e-bf34-457e-b335-4d3b42e8f787-scaled.jpg\" data-width=\"2560\" data-height=\"1707\" aria-label=\"\" role=\"img\" ><\/div>\n\t\t\t\t\t\t\t\t\t\t\t<div class=\"elementor-gallery-item__overlay\"><\/div>\n\t\t\t\t\t\t\t\t\t\t\t\t\t\t<\/a>\n\t\t\t\t\t\t\t<a class=\"e-gallery-item elementor-gallery-item elementor-animated-content\" href=\"https:\/\/www.csgabriel.edu.ec\/wp-content\/uploads\/2026\/09\/b5ca7574-8db3-4d3e-9dd1-69199703011f-scaled.jpg\" data-elementor-open-lightbox=\"yes\" data-elementor-lightbox-slideshow=\"44a64198\" data-elementor-lightbox-title=\"b5ca7574-8db3-4d3e-9dd1-69199703011f\" data-e-action-hash=\"#elementor-action%3Aaction%3Dlightbox%26settings%3DeyJpZCI6NTIxOTksInVybCI6Imh0dHBzOlwvXC93d3cuY3NnYWJyaWVsLmVkdS5lY1wvd3AtY29udGVudFwvdXBsb2Fkc1wvMjAyNlwvMDlcL2I1Y2E3NTc0LThkYjMtNGQzZS05ZGQxLTY5MTk5NzAzMDExZi1zY2FsZWQuanBnIiwic2xpZGVzaG93IjoiNDRhNjQxOTgifQ%3D%3D\">\n\t\t\t\t\t<div class=\"e-gallery-image elementor-gallery-item__image\" data-thumbnail=\"https:\/\/www.csgabriel.edu.ec\/wp-content\/uploads\/2026\/09\/b5ca7574-8db3-4d3e-9dd1-69199703011f-scaled.jpg\" data-width=\"2560\" data-height=\"1707\" aria-label=\"\" role=\"img\" ><\/div>\n\t\t\t\t\t\t\t\t\t\t\t<div class=\"elementor-gallery-item__overlay\"><\/div>\n\t\t\t\t\t\t\t\t\t\t\t\t\t\t<\/a>\n\t\t\t\t\t\t\t<a class=\"e-gallery-item elementor-gallery-item elementor-animated-content\" href=\"https:\/\/www.csgabriel.edu.ec\/wp-content\/uploads\/2026\/09\/e2ab771a-d674-49ce-be6f-54044f60c161-scaled.jpg\" data-elementor-open-lightbox=\"yes\" data-elementor-lightbox-slideshow=\"44a64198\" data-elementor-lightbox-title=\"e2ab771a-d674-49ce-be6f-54044f60c161\" data-e-action-hash=\"#elementor-action%3Aaction%3Dlightbox%26settings%3DeyJpZCI6NTIyMDAsInVybCI6Imh0dHBzOlwvXC93d3cuY3NnYWJyaWVsLmVkdS5lY1wvd3AtY29udGVudFwvdXBsb2Fkc1wvMjAyNlwvMDlcL2UyYWI3NzFhLWQ2NzQtNDljZS1iZTZmLTU0MDQ0ZjYwYzE2MS1zY2FsZWQuanBnIiwic2xpZGVzaG93IjoiNDRhNjQxOTgifQ%3D%3D\">\n\t\t\t\t\t<div class=\"e-gallery-image elementor-gallery-item__image\" data-thumbnail=\"https:\/\/www.csgabriel.edu.ec\/wp-content\/uploads\/2026\/09\/e2ab771a-d674-49ce-be6f-54044f60c161-scaled.jpg\" data-width=\"2560\" data-height=\"1707\" aria-label=\"\" role=\"img\" ><\/div>\n\t\t\t\t\t\t\t\t\t\t\t<div class=\"elementor-gallery-item__overlay\"><\/div>\n\t\t\t\t\t\t\t\t\t\t\t\t\t\t<\/a>\n\t\t\t\t\t<\/div>\n\t\t\t\t\t<\/div>\n\t\t\t\t<\/div>\n\t\t\t\t<\/div>\n\t\t<div class=\"elementor-element elementor-element-2171b1ed e-con-full e-flex e-con e-parent\" data-id=\"2171b1ed\" data-element_type=\"container\" data-e-type=\"container\" data-settings=\"{&quot;_ha_eqh_enable&quot;:false}\">\n\t\t\t\t<div class=\"elementor-element elementor-element-6fb9af3c elementor-widget elementor-widget-heading\" data-id=\"6fb9af3c\" data-element_type=\"widget\" data-e-type=\"widget\" data-widget_type=\"heading.default\">\n\t\t\t\t<div class=\"elementor-widget-container\">\n\t\t\t\t\t<h2 class=\"elementor-heading-title elementor-size-default\">Tambi\u00e9n te puede interesar...<\/h2>\t\t\t\t<\/div>\n\t\t\t\t<\/div>\n\t\t\t\t<div class=\"elementor-element elementor-element-7ebc8bd6 elementor-grid-3 elementor-grid-tablet-2 elementor-grid-mobile-1 elementor-posts--thumbnail-top elementor-posts--show-avatar elementor-card-shadow-yes elementor-posts__hover-gradient elementor-widget elementor-widget-posts\" data-id=\"7ebc8bd6\" data-element_type=\"widget\" data-e-type=\"widget\" data-settings=\"{&quot;pagination_type&quot;:&quot;numbers_and_prev_next&quot;,&quot;cards_columns&quot;:&quot;3&quot;,&quot;cards_columns_tablet&quot;:&quot;2&quot;,&quot;cards_columns_mobile&quot;:&quot;1&quot;,&quot;cards_row_gap&quot;:{&quot;unit&quot;:&quot;px&quot;,&quot;size&quot;:35,&quot;sizes&quot;:[]},&quot;cards_row_gap_widescreen&quot;:{&quot;unit&quot;:&quot;px&quot;,&quot;size&quot;:&quot;&quot;,&quot;sizes&quot;:[]},&quot;cards_row_gap_laptop&quot;:{&quot;unit&quot;:&quot;px&quot;,&quot;size&quot;:&quot;&quot;,&quot;sizes&quot;:[]},&quot;cards_row_gap_tablet_extra&quot;:{&quot;unit&quot;:&quot;px&quot;,&quot;size&quot;:&quot;&quot;,&quot;sizes&quot;:[]},&quot;cards_row_gap_tablet&quot;:{&quot;unit&quot;:&quot;px&quot;,&quot;size&quot;:&quot;&quot;,&quot;sizes&quot;:[]},&quot;cards_row_gap_mobile_extra&quot;:{&quot;unit&quot;:&quot;px&quot;,&quot;size&quot;:&quot;&quot;,&quot;sizes&quot;:[]},&quot;cards_row_gap_mobile&quot;:{&quot;unit&quot;:&quot;px&quot;,&quot;size&quot;:&quot;&quot;,&quot;sizes&quot;:[]}}\" data-widget_type=\"posts.cards\">\n\t\t\t\t<div class=\"elementor-widget-container\">\n\t\t\t\t\t\t\t<div class=\"elementor-posts-container elementor-posts elementor-posts--skin-cards elementor-grid\" role=\"list\">\n\t\t\t\t<article class=\"elementor-post elementor-grid-item post-52140 post type-post status-publish format-standard has-post-thumbnail hentry category-convivencia-e-identidad tag-colegio-san-gabriel-quito tag-comunidad-educativa tag-deportes tag-formacion-ignaciana tag-formacion-integral tag-futbol tag-innovaccion-xxi tag-innovacion-educativa tag-servicio tag-unidad-educativa-particular-san-gabriel\" role=\"listitem\">\n\t\t\t<div class=\"elementor-post__card\">\n\t\t\t\t<a class=\"elementor-post__thumbnail__link\" href=\"https:\/\/www.csgabriel.edu.ec\/en\/san-gabriel-alcanza-el-tercer-lugar-en-intercolegial-u12-de-futbol\/\" tabindex=\"-1\" ><div class=\"elementor-post__thumbnail\"><img fetchpriority=\"high\" decoding=\"async\" width=\"300\" height=\"200\" src=\"https:\/\/www.csgabriel.edu.ec\/wp-content\/uploads\/2026\/07\/01.-IntercolegialFutbol-300x200.png\" class=\"attachment-medium size-medium wp-image-52141\" alt=\"\" srcset=\"https:\/\/www.csgabriel.edu.ec\/wp-content\/uploads\/2026\/07\/01.-IntercolegialFutbol-300x200.png 300w, https:\/\/www.csgabriel.edu.ec\/wp-content\/uploads\/2026\/07\/01.-IntercolegialFutbol-1024x683.png 1024w, https:\/\/www.csgabriel.edu.ec\/wp-content\/uploads\/2026\/07\/01.-IntercolegialFutbol-768x512.png 768w, https:\/\/www.csgabriel.edu.ec\/wp-content\/uploads\/2026\/07\/01.-IntercolegialFutbol-1536x1024.png 1536w, https:\/\/www.csgabriel.edu.ec\/wp-content\/uploads\/2026\/07\/01.-IntercolegialFutbol-18x12.png 18w, https:\/\/www.csgabriel.edu.ec\/wp-content\/uploads\/2026\/07\/01.-IntercolegialFutbol.png 1620w\" sizes=\"(max-width: 300px) 100vw, 300px\" \/><\/div><\/a>\n\t\t\t\t<div class=\"elementor-post__badge\">Convivencia e identidad<\/div>\n\t\t\t\t<div class=\"elementor-post__avatar\">\n\t\t\t\t\t<\/div>\n\t\t\t\t<div class=\"elementor-post__text\">\n\t\t\t\t<h3 class=\"elementor-post__title\">\n\t\t\t<a href=\"https:\/\/www.csgabriel.edu.ec\/en\/san-gabriel-alcanza-el-tercer-lugar-en-intercolegial-u12-de-futbol\/\" >\n\t\t\t\tSan Gabriel alcanza el tercer lugar en Intercolegial U12 de f\u00fatbol\t\t\t<\/a>\n\t\t<\/h3>\n\t\t\t\t<div class=\"elementor-post__excerpt\">\n\t\t\t<p>Inicio San Gabriel alcanza el tercer lugar en Intercolegial U12 de f\u00fatbol La selecci\u00f3n masculina U12 de f\u00fatbol de la Unidad Educativa Particular San Gabriel<\/p>\n\t\t<\/div>\n\t\t\n\t\t<a class=\"elementor-post__read-more\" href=\"https:\/\/www.csgabriel.edu.ec\/en\/san-gabriel-alcanza-el-tercer-lugar-en-intercolegial-u12-de-futbol\/\" aria-label=\"Read more about San Gabriel alcanza el tercer lugar en Intercolegial U12 de f\u00fatbol\" tabindex=\"-1\" >\n\t\t\tLeer m\u00e1s \u00bb\t\t<\/a>\n\n\t\t\t\t<\/div>\n\t\t\t\t<div class=\"elementor-post__meta-data\">\n\t\t\t\t\t<span class=\"elementor-post-date\">\n\t\t\t7 July, 2026\t\t<\/span>\n\t\t\t\t<span class=\"elementor-post-avatar\">\n\t\t\tNo Comments\t\t<\/span>\n\t\t\t\t<\/div>\n\t\t\t\t\t<\/div>\n\t\t<\/article>\n\t\t\t\t<article class=\"elementor-post elementor-grid-item post-52099 post type-post status-publish format-standard has-post-thumbnail hentry category-convivencia-e-identidad tag-colegio-san-gabriel-quito tag-comunidad-educativa tag-formacion-ignaciana tag-formacion-integral tag-innovaccion-xxi tag-innovacion-educativa tag-unidad-educativa-particular-san-gabriel\" role=\"listitem\">\n\t\t\t<div class=\"elementor-post__card\">\n\t\t\t\t<a class=\"elementor-post__thumbnail__link\" href=\"https:\/\/www.csgabriel.edu.ec\/en\/seleccion-de-natacion-obtiene-26-medallas\/\" tabindex=\"-1\" ><div class=\"elementor-post__thumbnail\"><img decoding=\"async\" width=\"240\" height=\"300\" src=\"https:\/\/www.csgabriel.edu.ec\/wp-content\/uploads\/2026\/06\/02.NatacionIntercolegial-240x300.png\" class=\"attachment-medium size-medium wp-image-52101\" alt=\"\" srcset=\"https:\/\/www.csgabriel.edu.ec\/wp-content\/uploads\/2026\/06\/02.NatacionIntercolegial-240x300.png 240w, https:\/\/www.csgabriel.edu.ec\/wp-content\/uploads\/2026\/06\/02.NatacionIntercolegial-819x1024.png 819w, https:\/\/www.csgabriel.edu.ec\/wp-content\/uploads\/2026\/06\/02.NatacionIntercolegial-768x960.png 768w, https:\/\/www.csgabriel.edu.ec\/wp-content\/uploads\/2026\/06\/02.NatacionIntercolegial-10x12.png 10w, https:\/\/www.csgabriel.edu.ec\/wp-content\/uploads\/2026\/06\/02.NatacionIntercolegial.png 1080w\" sizes=\"(max-width: 240px) 100vw, 240px\" \/><\/div><\/a>\n\t\t\t\t<div class=\"elementor-post__badge\">Convivencia e identidad<\/div>\n\t\t\t\t<div class=\"elementor-post__avatar\">\n\t\t\t\t\t<\/div>\n\t\t\t\t<div class=\"elementor-post__text\">\n\t\t\t\t<h3 class=\"elementor-post__title\">\n\t\t\t<a href=\"https:\/\/www.csgabriel.edu.ec\/en\/seleccion-de-natacion-obtiene-26-medallas\/\" >\n\t\t\t\tSelecci\u00f3n de nataci\u00f3n obtiene 26 medallas\t\t\t<\/a>\n\t\t<\/h3>\n\t\t\t\t<div class=\"elementor-post__excerpt\">\n\t\t\t<p>Inicio Selecci\u00f3n de nataci\u00f3n obtiene 26 medallas Durante los d\u00edas 13 y 14 de junio, las instalaciones del Quito Tenis y Golf Club acogieron el<\/p>\n\t\t<\/div>\n\t\t\n\t\t<a class=\"elementor-post__read-more\" href=\"https:\/\/www.csgabriel.edu.ec\/en\/seleccion-de-natacion-obtiene-26-medallas\/\" aria-label=\"Read more about Selecci\u00f3n de nataci\u00f3n obtiene 26 medallas\" tabindex=\"-1\" >\n\t\t\tLeer m\u00e1s \u00bb\t\t<\/a>\n\n\t\t\t\t<\/div>\n\t\t\t\t<div class=\"elementor-post__meta-data\">\n\t\t\t\t\t<span class=\"elementor-post-date\">\n\t\t\t29 June, 2026\t\t<\/span>\n\t\t\t\t<span class=\"elementor-post-avatar\">\n\t\t\tNo Comments\t\t<\/span>\n\t\t\t\t<\/div>\n\t\t\t\t\t<\/div>\n\t\t<\/article>\n\t\t\t\t<article class=\"elementor-post elementor-grid-item post-52047 post type-post status-publish format-standard has-post-thumbnail hentry category-convivencia-e-identidad tag-colegio-san-gabriel-quito tag-comunidad-educativa tag-formacion-ignaciana tag-formacion-integral tag-innovaccion-xxi tag-innovacion-educativa tag-unidad-educativa-particular-san-gabriel\" role=\"listitem\">\n\t\t\t<div class=\"elementor-post__card\">\n\t\t\t\t<a class=\"elementor-post__thumbnail__link\" href=\"https:\/\/www.csgabriel.edu.ec\/en\/selecciones-de-voleibol-brillan-en-intercolegial-de-la-fdep\/\" tabindex=\"-1\" ><div class=\"elementor-post__thumbnail\"><img decoding=\"async\" width=\"300\" height=\"200\" src=\"https:\/\/www.csgabriel.edu.ec\/wp-content\/uploads\/2026\/06\/02.FDEP-voleibol-300x200.png\" class=\"attachment-medium size-medium wp-image-52050\" alt=\"\" srcset=\"https:\/\/www.csgabriel.edu.ec\/wp-content\/uploads\/2026\/06\/02.FDEP-voleibol-300x200.png 300w, https:\/\/www.csgabriel.edu.ec\/wp-content\/uploads\/2026\/06\/02.FDEP-voleibol-1024x683.png 1024w, https:\/\/www.csgabriel.edu.ec\/wp-content\/uploads\/2026\/06\/02.FDEP-voleibol-768x512.png 768w, https:\/\/www.csgabriel.edu.ec\/wp-content\/uploads\/2026\/06\/02.FDEP-voleibol-1536x1024.png 1536w, https:\/\/www.csgabriel.edu.ec\/wp-content\/uploads\/2026\/06\/02.FDEP-voleibol-18x12.png 18w, https:\/\/www.csgabriel.edu.ec\/wp-content\/uploads\/2026\/06\/02.FDEP-voleibol.png 1620w\" sizes=\"(max-width: 300px) 100vw, 300px\" \/><\/div><\/a>\n\t\t\t\t<div class=\"elementor-post__badge\">Convivencia e identidad<\/div>\n\t\t\t\t<div class=\"elementor-post__avatar\">\n\t\t\t\t\t<\/div>\n\t\t\t\t<div class=\"elementor-post__text\">\n\t\t\t\t<h3 class=\"elementor-post__title\">\n\t\t\t<a href=\"https:\/\/www.csgabriel.edu.ec\/en\/selecciones-de-voleibol-brillan-en-intercolegial-de-la-fdep\/\" >\n\t\t\t\tSelecciones de voleibol brillan en Intercolegial de la FDEP\t\t\t<\/a>\n\t\t<\/h3>\n\t\t\t\t<div class=\"elementor-post__excerpt\">\n\t\t\t<p>Inicio Selecciones de voleibol brillan en Intercolegial de la FDEP Las selecciones de voleibol del Colegio San Gabriel participaron en el Campeonato Intercolegial organizado por<\/p>\n\t\t<\/div>\n\t\t\n\t\t<a class=\"elementor-post__read-more\" href=\"https:\/\/www.csgabriel.edu.ec\/en\/selecciones-de-voleibol-brillan-en-intercolegial-de-la-fdep\/\" aria-label=\"Read more about Selecciones de voleibol brillan en Intercolegial de la FDEP\" tabindex=\"-1\" >\n\t\t\tLeer m\u00e1s \u00bb\t\t<\/a>\n\n\t\t\t\t<\/div>\n\t\t\t\t<div class=\"elementor-post__meta-data\">\n\t\t\t\t\t<span class=\"elementor-post-date\">\n\t\t\t23 June, 2026\t\t<\/span>\n\t\t\t\t<span class=\"elementor-post-avatar\">\n\t\t\tNo Comments\t\t<\/span>\n\t\t\t\t<\/div>\n\t\t\t\t\t<\/div>\n\t\t<\/article>\n\t\t\t\t<\/div>\n\t\t\n\t\t\t\t<div class=\"e-load-more-anchor\" data-page=\"1\" data-max-page=\"13\" data-next-page=\"https:\/\/www.csgabriel.edu.ec\/en\/wp-json\/wp\/v2\/posts\/52193\/page\/2\/\"><\/div>\n\t\t\t\t<nav class=\"elementor-pagination\" aria-label=\"Pagination\">\n\t\t\t<span class=\"page-numbers prev\">&laquo; Anterior<\/span>\n<span aria-current=\"page\" class=\"page-numbers current\"><span class=\"elementor-screen-only\">Page<\/span>1<\/span>\n<a class=\"page-numbers\" href=\"https:\/\/www.csgabriel.edu.ec\/en\/wp-json\/wp\/v2\/posts\/52193\/page\/2\/\"><span class=\"elementor-screen-only\">Page<\/span>2<\/a>\n<a class=\"page-numbers\" href=\"https:\/\/www.csgabriel.edu.ec\/en\/wp-json\/wp\/v2\/posts\/52193\/page\/3\/\"><span class=\"elementor-screen-only\">Page<\/span>3<\/a>\n<a class=\"page-numbers\" href=\"https:\/\/www.csgabriel.edu.ec\/en\/wp-json\/wp\/v2\/posts\/52193\/page\/4\/\"><span class=\"elementor-screen-only\">Page<\/span>4<\/a>\n<a class=\"page-numbers\" href=\"https:\/\/www.csgabriel.edu.ec\/en\/wp-json\/wp\/v2\/posts\/52193\/page\/5\/\"><span class=\"elementor-screen-only\">Page<\/span>5<\/a>\n<a class=\"page-numbers next\" href=\"https:\/\/www.csgabriel.edu.ec\/en\/wp-json\/wp\/v2\/posts\/52193\/page\/2\/\">Siguiente &raquo;<\/a>\t\t<\/nav>\n\t\t\t\t\t\t<\/div>\n\t\t\t\t<\/div>\n\t\t\t\t<\/div>\n\t\t\t\t<\/div>","protected":false},"excerpt":{"rendered":"<p>Inicio El San Gabriel dio la bienvenida a sus estudiantes de Inicial y Bachillerato Con entusiasmo, alegr\u00eda y el esp\u00edritu que caracteriza a nuestra comunidad educativa, la Unidad Educativa Particular San Gabriel recibi\u00f3 a sus estudiantes de Inicial y Bachillerato, marcando as\u00ed el comienzo de una nueva etapa de aprendizajes, encuentros y crecimiento durante el [&hellip;]<\/p>\n","protected":false},"author":12,"featured_media":52204,"comment_status":"closed","ping_status":"","sticky":false,"template":"","format":"standard","meta":{"footnotes":""},"categories":[276],"tags":[519,522,524,520,591,525,521,604,551,535,523],"class_list":["post-52193","post","type-post","status-publish","format-standard","has-post-thumbnail","hentry","category-comunicacion-institucional","tag-colegio-san-gabriel-quito","tag-comunidad-educativa","tag-formacion-ignaciana","tag-formacion-integral","tag-ingles","tag-innovaccion-xxi","tag-innovacion-educativa","tag-intercambio-cultural","tag-ruei","tag-servicio","tag-unidad-educativa-particular-san-gabriel"],"_links":{"self":[{"href":"https:\/\/www.csgabriel.edu.ec\/en\/wp-json\/wp\/v2\/posts\/52193","targetHints":{"allow":["GET"]}}],"collection":[{"href":"https:\/\/www.csgabriel.edu.ec\/en\/wp-json\/wp\/v2\/posts"}],"about":[{"href":"https:\/\/www.csgabriel.edu.ec\/en\/wp-json\/wp\/v2\/types\/post"}],"author":[{"embeddable":true,"href":"https:\/\/www.csgabriel.edu.ec\/en\/wp-json\/wp\/v2\/users\/12"}],"replies":[{"embeddable":true,"href":"https:\/\/www.csgabriel.edu.ec\/en\/wp-json\/wp\/v2\/comments?post=52193"}],"version-history":[{"count":4,"href":"https:\/\/www.csgabriel.edu.ec\/en\/wp-json\/wp\/v2\/posts\/52193\/revisions"}],"predecessor-version":[{"id":52203,"href":"https:\/\/www.csgabriel.edu.ec\/en\/wp-json\/wp\/v2\/posts\/52193\/revisions\/52203"}],"wp:featuredmedia":[{"embeddable":true,"href":"https:\/\/www.csgabriel.edu.ec\/en\/wp-json\/wp\/v2\/media\/52204"}],"wp:attachment":[{"href":"https:\/\/www.csgabriel.edu.ec\/en\/wp-json\/wp\/v2\/media?parent=52193"}],"wp:term":[{"taxonomy":"category","embeddable":true,"href":"https:\/\/www.csgabriel.edu.ec\/en\/wp-json\/wp\/v2\/categories?post=52193"},{"taxonomy":"post_tag","embeddable":true,"href":"https:\/\/www.csgabriel.edu.ec\/en\/wp-json\/wp\/v2\/tags?post=52193"}],"curies":[{"name":"wp","href":"https:\/\/api.w.org\/{rel}","templated":true}]}}